{"id":986,"date":"2025-12-28T17:30:31","date_gmt":"2025-12-28T17:30:31","guid":{"rendered":"https:\/\/www.cafearchi.fr\/?p=986"},"modified":"2025-12-28T17:38:37","modified_gmt":"2025-12-28T17:38:37","slug":"raconte-moi-les-cases-kassena","status":"publish","type":"post","link":"https:\/\/www.cafearchi.fr\/?p=986","title":{"rendered":"Raconte-moi les cases Kassena"},"content":{"rendered":"\t\t<div data-elementor-type=\"wp-post\" data-elementor-id=\"986\" class=\"elementor elementor-986\">\n\t\t\t\t\t\t<section class=\"elementor-section elementor-top-section elementor-element elementor-element-4369c8a9 elementor-section-boxed elementor-section-height-default elementor-section-height-default\" data-id=\"4369c8a9\" data-element_type=\"section\">\n\t\t\t\t\t\t<div class=\"elementor-container elementor-column-gap-default\">\n\t\t\t\t\t<div class=\"elementor-column elementor-col-100 elementor-top-column elementor-element elementor-element-5f29045b\" data-id=\"5f29045b\" data-element_type=\"column\">\n\t\t\t<div class=\"elementor-widget-wrap elementor-element-populated\">\n\t\t\t\t\t\t<div class=\"elementor-element elementor-element-2187f462 elementor-widget elementor-widget-text-editor\" data-id=\"2187f462\" data-element_type=\"widget\" data-widget_type=\"text-editor.default\">\n\t\t\t\t<div class=\"elementor-widget-container\">\n\t\t\t\t\t\t\t\t\t<p>Le continent africain regorge d\u2019une grande\u00a0 vari\u00e9t\u00e9 de constructions traditionnelles. Parmi elles, il y en a une qui arrive \u00e0 conjuguer sur un m\u00eame terrain architecture, arts d\u00e9coratifs et organisations sociale, culturelle, cultuelle et d\u00e9fensive. Il s\u2019agit l\u2019habitat Kassena. Loin d\u2019\u00eatre un simple abri, il est le reflet d\u2019une soci\u00e9t\u00e9 structur\u00e9e et son organisation rec\u00e8le de subtiles particularit\u00e9s. A travers cet article, nous irons \u00e0 la d\u00e9couverte de ce peuple et de ses cases singuli\u00e8res, en nous int\u00e9ressant sur leurs fonctions, leurs syst\u00e8mes constructifs et leur devenir dans la soci\u00e9t\u00e9 actuelle.<\/p>\t\t\t\t\t\t\t\t<\/div>\n\t\t\t\t<\/div>\n\t\t\t\t\t<\/div>\n\t\t<\/div>\n\t\t\t\t\t<\/div>\n\t\t<\/section>\n\t\t\t\t<section class=\"elementor-section elementor-top-section elementor-element elementor-element-39970f2f elementor-section-boxed elementor-section-height-default elementor-section-height-default\" data-id=\"39970f2f\" data-element_type=\"section\">\n\t\t\t\t\t\t<div class=\"elementor-container elementor-column-gap-default\">\n\t\t\t\t\t<div class=\"elementor-column elementor-col-100 elementor-top-column elementor-element elementor-element-458e13e9\" data-id=\"458e13e9\" data-element_type=\"column\">\n\t\t\t<div class=\"elementor-widget-wrap elementor-element-populated\">\n\t\t\t\t\t\t<div class=\"elementor-element elementor-element-790d50e4 elementor-widget-divider--view-line elementor-widget elementor-widget-divider\" data-id=\"790d50e4\" data-element_type=\"widget\" data-widget_type=\"divider.default\">\n\t\t\t\t<div class=\"elementor-widget-container\">\n\t\t\t\t\t\t\t<div class=\"elementor-divider\">\n\t\t\t<span class=\"elementor-divider-separator\">\n\t\t\t\t\t\t<\/span>\n\t\t<\/div>\n\t\t\t\t\t\t<\/div>\n\t\t\t\t<\/div>\n\t\t\t\t\t<\/div>\n\t\t<\/div>\n\t\t\t\t\t<\/div>\n\t\t<\/section>\n\t\t\t\t<section class=\"elementor-section elementor-top-section elementor-element elementor-element-24e9d0fc elementor-section-boxed elementor-section-height-default elementor-section-height-default\" data-id=\"24e9d0fc\" data-element_type=\"section\">\n\t\t\t\t\t\t<div class=\"elementor-container elementor-column-gap-default\">\n\t\t\t\t\t<div class=\"elementor-column elementor-col-100 elementor-top-column elementor-element elementor-element-76e8f6e\" data-id=\"76e8f6e\" data-element_type=\"column\">\n\t\t\t<div class=\"elementor-widget-wrap elementor-element-populated\">\n\t\t\t\t\t\t<div class=\"elementor-element elementor-element-15eb821a elementor-widget elementor-widget-heading\" data-id=\"15eb821a\" data-element_type=\"widget\" data-widget_type=\"heading.default\">\n\t\t\t\t<div class=\"elementor-widget-container\">\n\t\t\t\t\t<h2 class=\"elementor-heading-title elementor-size-default\"><p class=\"MsoListParagraph\" style=\"text-align:justify;text-indent:-18.0pt\"><!--[if !supportLists]--><span style=\"font-size:16.0pt;line-height:107%\">1.<span style=\"font-weight: normal;font-size: 7pt;line-height: normal\">&nbsp;&nbsp;\n<\/span><\/span><!--[endif]--><span style=\"font-size:16.0pt;line-height:107%\"><b>Le peuple Kassena<\/b><\/span><span style=\"font-size: 2rem\"><\/span><\/p><\/h2>\t\t\t\t<\/div>\n\t\t\t\t<\/div>\n\t\t\t\t\t<\/div>\n\t\t<\/div>\n\t\t\t\t\t<\/div>\n\t\t<\/section>\n\t\t\t\t<section class=\"elementor-section elementor-top-section elementor-element elementor-element-3c2cb7b7 elementor-section-boxed elementor-section-height-default elementor-section-height-default\" data-id=\"3c2cb7b7\" data-element_type=\"section\">\n\t\t\t\t\t\t<div class=\"elementor-container elementor-column-gap-default\">\n\t\t\t\t\t<div class=\"elementor-column elementor-col-100 elementor-top-column elementor-element elementor-element-7309c090\" data-id=\"7309c090\" data-element_type=\"column\">\n\t\t\t<div class=\"elementor-widget-wrap elementor-element-populated\">\n\t\t\t\t\t\t<div class=\"elementor-element elementor-element-47201e2a elementor-widget elementor-widget-text-editor\" data-id=\"47201e2a\" data-element_type=\"widget\" data-widget_type=\"text-editor.default\">\n\t\t\t\t<div class=\"elementor-widget-container\">\n\t\t\t\t\t\t\t\t\t<p>A cheval entre le Burkina Faso et le Ghana, les Kassena forment une ethnie bien distincte au sein d\u2019un plus vaste groupe culturel que constituent les Gurunsi. Ils se sont form\u00e9s aux alentours du XVI\u00e8 si\u00e8cle. Issus de diverses origines, notamment les pays Moaga et Bissa ainsi que le village de Kasana, ils occupent un territoire nomm\u00e9 le Kassongo (Dioma et al., 2008). Leurs activit\u00e9s de subsistance sont essentiellement li\u00e9es \u00e0 l\u2019agriculture intensive.<\/p><p>Chez les Kassena, et chez les Gurunsi plus largement, chaque village comprend plusieurs groupes de concessions qui forment des quartiers. Compos\u00e9e des foyers polygames, chacune des concessions se compose de plusieurs unit\u00e9s imbriqu\u00e9es les unes dans les autres. (Piesik, 2017). Chaque quartier est une patrilign\u00e9e<a href=\"#_ftn1\" name=\"_ftnref1\">[1]<\/a>. Dans chaque quartier, il existe une grande concession fondatrice (<em>didugo<\/em>). Les descendants du fondateur font construire les concessions secondaires (<em>soggo<\/em>) (Hahn, 2000).<\/p><p class=\"MsoNormal\" style=\"text-align: justify;\"><!-- [if supportFields]><span style='mso-bidi-font-size:12.0pt;line-height:107%'><span style='mso-element: field-end'><\/span><\/span><![endif]--><\/p>\t\t\t\t\t\t\t\t<\/div>\n\t\t\t\t<\/div>\n\t\t\t\t\t<\/div>\n\t\t<\/div>\n\t\t\t\t\t<\/div>\n\t\t<\/section>\n\t\t\t\t<section class=\"elementor-section elementor-top-section elementor-element elementor-element-2b643dd1 elementor-section-boxed elementor-section-height-default elementor-section-height-default\" data-id=\"2b643dd1\" data-element_type=\"section\">\n\t\t\t\t\t\t<div class=\"elementor-container elementor-column-gap-default\">\n\t\t\t\t\t<div class=\"elementor-column elementor-col-100 elementor-top-column elementor-element elementor-element-11facde5\" data-id=\"11facde5\" data-element_type=\"column\">\n\t\t\t<div class=\"elementor-widget-wrap elementor-element-populated\">\n\t\t\t\t\t\t<div class=\"elementor-element elementor-element-2b3d7004 elementor-widget elementor-widget-heading\" data-id=\"2b3d7004\" data-element_type=\"widget\" data-widget_type=\"heading.default\">\n\t\t\t\t<div class=\"elementor-widget-container\">\n\t\t\t\t\t<h2 class=\"elementor-heading-title elementor-size-default\"><p style=\"text-align:justify;text-indent:-18.0pt\"><span style=\"font-size:16.0pt;line-height:107%\">2.<span style=\"font-weight: normal;font-size: 7pt;line-height: normal\">&nbsp;&nbsp;\n<\/span><\/span><span style=\"font-size: 21.3333px\">La concession Kassena<\/span><span style=\"font-size: 2rem\"><\/span><\/p><\/h2>\t\t\t\t<\/div>\n\t\t\t\t<\/div>\n\t\t\t\t\t<\/div>\n\t\t<\/div>\n\t\t\t\t\t<\/div>\n\t\t<\/section>\n\t\t\t\t<section class=\"elementor-section elementor-top-section elementor-element elementor-element-3d709691 elementor-section-boxed elementor-section-height-default elementor-section-height-default\" data-id=\"3d709691\" data-element_type=\"section\">\n\t\t\t\t\t\t<div class=\"elementor-container elementor-column-gap-default\">\n\t\t\t\t\t<div class=\"elementor-column elementor-col-100 elementor-top-column elementor-element elementor-element-206446b7\" data-id=\"206446b7\" data-element_type=\"column\">\n\t\t\t<div class=\"elementor-widget-wrap elementor-element-populated\">\n\t\t\t\t\t\t<div class=\"elementor-element elementor-element-18e83008 elementor-widget elementor-widget-text-editor\" data-id=\"18e83008\" data-element_type=\"widget\" data-widget_type=\"text-editor.default\">\n\t\t\t\t<div class=\"elementor-widget-container\">\n\t\t\t\t\t\t\t\t\t<p>La concession Kassena r\u00e9pond \u00e0 des logiques sociale, spirituelle et d\u00e9fensive.<\/p>\n<p>\u00ab&nbsp;La bouche de la maison&nbsp;\u00bb, c\u2019est le nom donn\u00e9 \u00e0 l\u2019entr\u00e9e principale de la concession. Elle est tourn\u00e9e vers l\u2019Ouest. Elle est du domaine des hommes. Devant elle se trouvent les tombes du fondateur et de ses successeurs. On peut \u00e9galement y trouver un grand arbre qui repr\u00e9sente l\u2019anc\u00eatre f\u00e9minin de la lign\u00e9e. Tandis que l\u2019Ouest de la maison symbolise la mort, les anc\u00eatres, le cr\u00e9puscule, l\u2019Est quant \u00e0 lui repr\u00e9sente la naissance, l\u2019aurore, et est du domaine des femmes. En plus de ce axe Est\/Ouest, des positions hi\u00e9rarchiques et sociales se jouent \u00e9galement suivant un axe Nord\/Sud&nbsp;: les a\u00een\u00e9s et les hommes occupent le Nord ; les cadets et les femmes occupe la partie Sud<span style=\"font-size: 1.125rem;\">.&nbsp;<\/span><span style=\"font-size: 1.125rem;\">Chez les Kassena, l\u2019espace est con\u00e7u et v\u00e9cu de mani\u00e8re unifi\u00e9e, c\u2019est-\u00e0-dire qu\u2019il n\u2019y a pas de s\u00e9paration entre lieu de vie, lieu de travail, lieu sacr\u00e9. Tout est li\u00e9. L\u2019espace n\u2019est jamais un cadre neutre car charg\u00e9 de symbolisme et repr\u00e9sentant en soi un langage social (Hahn, 2000).<\/span><\/p>\n<p>La maison d\u2019habitation, unit\u00e9 principale de la concession, comprend une grande pi\u00e8ce ouvrant sur une cour, et une pi\u00e8ce plus petite d\u00e9pourvue d\u2019ouvertures, allou\u00e9e au sommeil et au stockage. En g\u00e9n\u00e9ral, une cuisine et une petite cour relevant du domaine de la femme y sont accol\u00e9es.<\/p>\n<p>La cour est l\u2019espace anim\u00e9 avec diverses activit\u00e9s&nbsp;: jeu, cuisine, repas, pr\u00e9paration, repos, etc. Le parc \u00e0 b\u00e9tail si\u00e8ge g\u00e9n\u00e9ralement au centre de la concession masculine, qui est elle souvent entour\u00e9e de quelques greniers. La cour peut \u00eatre aussi d\u00e9di\u00e9e \u00e0 la pratique de certains cultes ou aux rites de passage (mariage, mort, etc.).<\/p>\n<p>Toutefois la structure n\u2019est pas totalement fig\u00e9e&nbsp;: les modules d\u2019une m\u00eame concession peuvent \u00e9voluer en fonction des changements familiaux qui surviennent.<\/p>\n<p style=\"text-align: justify;\"><!-- [if supportFields]><span style='mso-bidi-font-size:12.0pt;line-height:107%'><span style='mso-element: field-end'><\/span><\/span><![endif]--><\/p>\t\t\t\t\t\t\t\t<\/div>\n\t\t\t\t<\/div>\n\t\t\t\t\t<\/div>\n\t\t<\/div>\n\t\t\t\t\t<\/div>\n\t\t<\/section>\n\t\t\t\t<section class=\"elementor-section elementor-top-section elementor-element elementor-element-66bd468d elementor-section-boxed elementor-section-height-default elementor-section-height-default\" data-id=\"66bd468d\" data-element_type=\"section\">\n\t\t\t\t\t\t<div class=\"elementor-container elementor-column-gap-default\">\n\t\t\t\t\t<div class=\"elementor-column elementor-col-100 elementor-top-column elementor-element elementor-element-7cb0b18e\" data-id=\"7cb0b18e\" data-element_type=\"column\">\n\t\t\t<div class=\"elementor-widget-wrap elementor-element-populated\">\n\t\t\t\t\t\t<div class=\"elementor-element elementor-element-90ddbae elementor-widget elementor-widget-image\" data-id=\"90ddbae\" data-element_type=\"widget\" data-widget_type=\"image.default\">\n\t\t\t\t<div class=\"elementor-widget-container\">\n\t\t\t\t\t\t\t\t\t\t\t\t<figure class=\"wp-caption\">\n\t\t\t\t\t\t\t\t\t\t<img fetchpriority=\"high\" decoding=\"async\" width=\"1024\" height=\"724\" src=\"https:\/\/www.cafearchi.fr\/wp-content\/uploads\/2025\/12\/Kassena-plan-1024x724.jpg\" class=\"attachment-large size-large wp-image-995\" alt=\"\" srcset=\"https:\/\/www.cafearchi.fr\/wp-content\/uploads\/2025\/12\/Kassena-plan-1024x724.jpg 1024w, https:\/\/www.cafearchi.fr\/wp-content\/uploads\/2025\/12\/Kassena-plan-300x212.jpg 300w, https:\/\/www.cafearchi.fr\/wp-content\/uploads\/2025\/12\/Kassena-plan-768x543.jpg 768w, https:\/\/www.cafearchi.fr\/wp-content\/uploads\/2025\/12\/Kassena-plan-1536x1086.jpg 1536w, https:\/\/www.cafearchi.fr\/wp-content\/uploads\/2025\/12\/Kassena-plan-2048x1448.jpg 2048w, https:\/\/www.cafearchi.fr\/wp-content\/uploads\/2025\/12\/Kassena-plan-120x85.jpg 120w\" sizes=\"(max-width: 1024px) 100vw, 1024px\" \/>\t\t\t\t\t\t\t\t\t\t\t<figcaption class=\"widget-image-caption wp-caption-text\">Plan d'une concession - Illustration adapt\u00e9e d'apr\u00e8s (Hahn, 2000)<\/figcaption>\n\t\t\t\t\t\t\t\t\t\t<\/figure>\n\t\t\t\t\t\t\t\t\t<\/div>\n\t\t\t\t<\/div>\n\t\t\t\t\t<\/div>\n\t\t<\/div>\n\t\t\t\t\t<\/div>\n\t\t<\/section>\n\t\t\t\t<section class=\"elementor-section elementor-top-section elementor-element elementor-element-a0224a6 elementor-section-boxed elementor-section-height-default elementor-section-height-default\" data-id=\"a0224a6\" data-element_type=\"section\">\n\t\t\t\t\t\t<div class=\"elementor-container elementor-column-gap-default\">\n\t\t\t\t\t<div class=\"elementor-column elementor-col-100 elementor-top-column elementor-element elementor-element-5be4a1b8\" data-id=\"5be4a1b8\" data-element_type=\"column\">\n\t\t\t<div class=\"elementor-widget-wrap elementor-element-populated\">\n\t\t\t\t\t\t<div class=\"elementor-element elementor-element-535d241f elementor-widget elementor-widget-heading\" data-id=\"535d241f\" data-element_type=\"widget\" data-widget_type=\"heading.default\">\n\t\t\t\t<div class=\"elementor-widget-container\">\n\t\t\t\t\t<h2 class=\"elementor-heading-title elementor-size-default\"><p style=\"text-align:justify;text-indent:-18.0pt\"><span style=\"font-size:16.0pt;line-height:107%\">3.<span style=\"font-weight: normal;font-size: 7pt;line-height: normal\">&nbsp;&nbsp;\n<\/span><\/span><span style=\"font-size: 21.3333px\">Principes de construction<\/span><span style=\"font-size: 2rem\"><\/span><\/p><\/h2>\t\t\t\t<\/div>\n\t\t\t\t<\/div>\n\t\t\t\t\t<\/div>\n\t\t<\/div>\n\t\t\t\t\t<\/div>\n\t\t<\/section>\n\t\t\t\t<section class=\"elementor-section elementor-top-section elementor-element elementor-element-037661a elementor-section-boxed elementor-section-height-default elementor-section-height-default\" data-id=\"037661a\" data-element_type=\"section\">\n\t\t\t\t\t\t<div class=\"elementor-container elementor-column-gap-default\">\n\t\t\t\t\t<div class=\"elementor-column elementor-col-100 elementor-top-column elementor-element elementor-element-6cf8df2\" data-id=\"6cf8df2\" data-element_type=\"column\">\n\t\t\t<div class=\"elementor-widget-wrap elementor-element-populated\">\n\t\t\t\t\t\t<div class=\"elementor-element elementor-element-35c600b elementor-widget__width-initial elementor-widget elementor-widget-text-editor\" data-id=\"35c600b\" data-element_type=\"widget\" data-widget_type=\"text-editor.default\">\n\t\t\t\t<div class=\"elementor-widget-container\">\n\t\t\t\t\t\t\t\t\t<p>Les concessions Kassena sont un assemblage ou agglom\u00e9rat de cases rondes et rectangulaires. Les cases rondes sont l\u00e9g\u00e8res avec des murs minces et des poteaux int\u00e9rieurs supportant le toit. Plus lourdes, les cases rectangulaires poss\u00e8dent des murs plus \u00e9pais portant des poutres massives qui supportent \u00e0 leur tour la toiture. Les \u00e9paisseurs de murs varient de 15 \u00e0 45 cm avec des trav\u00e9es pouvant aller jusqu\u2019\u00e0 3m. (Doat et al., 1991). Les murs sont construits \u00e0 m\u00eame le sol avec la technique de la bauge<a href=\"#_ftn1\" name=\"_ftnref1\">[2]<\/a>.<\/p>\n<p>Les toitures comprennent un treillage de poutres et branchages crois\u00e9s supportant une couche de terre. Les planchers ainsi form\u00e9s, permettent la cr\u00e9ation d\u2019un niveau suppl\u00e9mentaire, ou simplement l\u2019exploitation de la toiture terrasse comme espace ext\u00e9rieur. Celle-ci est g\u00e9n\u00e9ralement accessible gr\u00e2ce \u00e0 un tronc d\u2019arbre entaill\u00e9 faisant office d\u2019escalier ext\u00e9rieur. Certaines cases peuvent \u00eatre recouvertes de toit en chaume. Des petites ouvertures dans les murs et\/ou le toit assurent ventilation et luminosit\u00e9.<\/p>\n<p>Mais le style des Kassena est \u00e9galement li\u00e9 \u00e0 une fonction d\u00e9fensive forte. La configuration permet de prot\u00e9ger des animaux sauvages et de pr\u00e9venir les menaces des royaumes voisins&nbsp;:<\/p>\n<ul>\n<li>Un syst\u00e8me de hauts murs reli\u00e9s aux habitations&nbsp;;<\/li>\n<li>Pour chaque case, une ouverture basse donnant directement sur un muret frontal&nbsp;; Ce dispositif expose dangereusement la t\u00eate d\u2019un potentiel ennemis qui s\u2019aventurerait dans l\u2019une des cases (Dioma et al., 2008).<\/li>\n<\/ul>\n<p class=\"MsoNormal\" style=\"text-align: justify;\"><!-- [if supportFields]><span style='mso-bidi-font-size:12.0pt;line-height:107%'><span style='mso-element: field-end'><\/span><\/span><![endif]--><\/p>\t\t\t\t\t\t\t\t<\/div>\n\t\t\t\t<\/div>\n\t\t\t\t\t<\/div>\n\t\t<\/div>\n\t\t\t\t\t<\/div>\n\t\t<\/section>\n\t\t\t\t<section class=\"elementor-section elementor-top-section elementor-element elementor-element-06011a1 elementor-section-boxed elementor-section-height-default elementor-section-height-default\" data-id=\"06011a1\" data-element_type=\"section\">\n\t\t\t\t\t\t<div class=\"elementor-container elementor-column-gap-default\">\n\t\t\t\t\t<div class=\"elementor-column elementor-col-100 elementor-top-column elementor-element elementor-element-a20dbb6\" data-id=\"a20dbb6\" data-element_type=\"column\">\n\t\t\t<div class=\"elementor-widget-wrap elementor-element-populated\">\n\t\t\t\t\t\t<div class=\"elementor-element elementor-element-9faa115 elementor-arrows-position-inside elementor-pagination-position-outside elementor-widget elementor-widget-image-carousel\" data-id=\"9faa115\" data-element_type=\"widget\" data-settings=\"{&quot;slides_to_show&quot;:&quot;1&quot;,&quot;navigation&quot;:&quot;both&quot;,&quot;autoplay&quot;:&quot;yes&quot;,&quot;pause_on_hover&quot;:&quot;yes&quot;,&quot;pause_on_interaction&quot;:&quot;yes&quot;,&quot;autoplay_speed&quot;:5000,&quot;infinite&quot;:&quot;yes&quot;,&quot;effect&quot;:&quot;slide&quot;,&quot;speed&quot;:500}\" data-widget_type=\"image-carousel.default\">\n\t\t\t\t<div class=\"elementor-widget-container\">\n\t\t\t\t\t\t\t<div class=\"elementor-image-carousel-wrapper swiper\" role=\"region\" aria-roledescription=\"carousel\" aria-label=\"Carrousel d\u2019images\" dir=\"ltr\">\n\t\t\t<div class=\"elementor-image-carousel swiper-wrapper\" aria-live=\"off\">\n\t\t\t\t\t\t\t\t<div class=\"swiper-slide\" role=\"group\" aria-roledescription=\"slide\" aria-label=\"1 sur 5\"><figure class=\"swiper-slide-inner\"><img decoding=\"async\" class=\"swiper-slide-image\" src=\"https:\/\/www.cafearchi.fr\/wp-content\/uploads\/2025\/12\/Kassena-coupe-2-1024x724.jpg\" alt=\"Coupe de principe sur une case - Ulrich Yalo\" \/><figcaption class=\"elementor-image-carousel-caption\">Coupe de principe sur une case - Ulrich Yalo<\/figcaption><\/figure><\/div><div class=\"swiper-slide\" role=\"group\" aria-roledescription=\"slide\" aria-label=\"2 sur 5\"><figure class=\"swiper-slide-inner\"><img decoding=\"async\" class=\"swiper-slide-image\" src=\"https:\/\/www.cafearchi.fr\/wp-content\/uploads\/2025\/12\/2-Rita-Willaert-www.flickr.com_-1024x655.jpg\" alt=\"Vue int\u00e9rieure d&#039;une concession - Rita Willaert\" \/><figcaption class=\"elementor-image-carousel-caption\">Vue int\u00e9rieure d'une concession - Rita Willaert<\/figcaption><\/figure><\/div><div class=\"swiper-slide\" role=\"group\" aria-roledescription=\"slide\" aria-label=\"3 sur 5\"><figure class=\"swiper-slide-inner\"><img decoding=\"async\" class=\"swiper-slide-image\" src=\"https:\/\/www.cafearchi.fr\/wp-content\/uploads\/2025\/12\/Cour-royale-tiebele-Rita-Willaert-www.flickr.com_-1024x683.jpg\" alt=\"Cour royale de Ti\u00e9b\u00e9l\u00e9 - Rita Willaert\" \/><figcaption class=\"elementor-image-carousel-caption\">Cour royale de Ti\u00e9b\u00e9l\u00e9 - Rita Willaert <\/figcaption><\/figure><\/div><div class=\"swiper-slide\" role=\"group\" aria-roledescription=\"slide\" aria-label=\"4 sur 5\"><figure class=\"swiper-slide-inner\"><img decoding=\"async\" class=\"swiper-slide-image\" src=\"https:\/\/www.cafearchi.fr\/wp-content\/uploads\/2025\/12\/Arnaud-Delberghe-2-1024x768.jpg\" alt=\"Int\u00e9rieur d&#039;une concession - Arnaud Delberghe\" \/><figcaption class=\"elementor-image-carousel-caption\">Int\u00e9rieur d'une concession - Arnaud Delberghe<\/figcaption><\/figure><\/div><div class=\"swiper-slide\" role=\"group\" aria-roledescription=\"slide\" aria-label=\"5 sur 5\"><figure class=\"swiper-slide-inner\"><img decoding=\"async\" class=\"swiper-slide-image\" src=\"https:\/\/www.cafearchi.fr\/wp-content\/uploads\/2025\/12\/Arnaud-Delberghe-1024x768.jpg\" alt=\"Vue a\u00e9rienne - Arnaud Delberghe\" \/><figcaption class=\"elementor-image-carousel-caption\">Vue a\u00e9rienne - Arnaud Delberghe<\/figcaption><\/figure><\/div>\t\t\t<\/div>\n\t\t\t\t\t\t\t\t\t\t\t\t<div class=\"elementor-swiper-button elementor-swiper-button-prev\" role=\"button\" tabindex=\"0\">\n\t\t\t\t\t\t<i aria-hidden=\"true\" class=\"eicon-chevron-left\"><\/i>\t\t\t\t\t<\/div>\n\t\t\t\t\t<div class=\"elementor-swiper-button elementor-swiper-button-next\" role=\"button\" tabindex=\"0\">\n\t\t\t\t\t\t<i aria-hidden=\"true\" class=\"eicon-chevron-right\"><\/i>\t\t\t\t\t<\/div>\n\t\t\t\t\n\t\t\t\t\t\t\t\t\t<div class=\"swiper-pagination\"><\/div>\n\t\t\t\t\t\t\t\t\t<\/div>\n\t\t\t\t\t\t<\/div>\n\t\t\t\t<\/div>\n\t\t\t\t\t<\/div>\n\t\t<\/div>\n\t\t\t\t\t<\/div>\n\t\t<\/section>\n\t\t\t\t<section class=\"elementor-section elementor-top-section elementor-element elementor-element-ec5a907 elementor-section-boxed elementor-section-height-default elementor-section-height-default\" data-id=\"ec5a907\" data-element_type=\"section\">\n\t\t\t\t\t\t<div class=\"elementor-container elementor-column-gap-default\">\n\t\t\t\t\t<div class=\"elementor-column elementor-col-100 elementor-top-column elementor-element elementor-element-ea73df0\" data-id=\"ea73df0\" data-element_type=\"column\">\n\t\t\t<div class=\"elementor-widget-wrap elementor-element-populated\">\n\t\t\t\t\t\t<div class=\"elementor-element elementor-element-6b13aed elementor-widget elementor-widget-heading\" data-id=\"6b13aed\" data-element_type=\"widget\" data-widget_type=\"heading.default\">\n\t\t\t\t<div class=\"elementor-widget-container\">\n\t\t\t\t\t<h2 class=\"elementor-heading-title elementor-size-default\"><p style=\"text-align:justify;text-indent:-18.0pt\"><span style=\"font-size:16.0pt;line-height:107%\">4.<span style=\"font-weight: normal;font-size: 7pt;line-height: normal\">&nbsp;&nbsp;\n<\/span><\/span><span style=\"font-size: 21.3333px\">L'art d\u00e9coratif Kassena<\/span><span style=\"font-size: 2rem\"><\/span><\/p><\/h2>\t\t\t\t<\/div>\n\t\t\t\t<\/div>\n\t\t\t\t\t<\/div>\n\t\t<\/div>\n\t\t\t\t\t<\/div>\n\t\t<\/section>\n\t\t\t\t<section class=\"elementor-section elementor-top-section elementor-element elementor-element-c15a373 elementor-section-boxed elementor-section-height-default elementor-section-height-default\" data-id=\"c15a373\" data-element_type=\"section\">\n\t\t\t\t\t\t<div class=\"elementor-container elementor-column-gap-default\">\n\t\t\t\t\t<div class=\"elementor-column elementor-col-100 elementor-top-column elementor-element elementor-element-ff74c81\" data-id=\"ff74c81\" data-element_type=\"column\">\n\t\t\t<div class=\"elementor-widget-wrap elementor-element-populated\">\n\t\t\t\t\t\t<div class=\"elementor-element elementor-element-5c830ac elementor-widget elementor-widget-text-editor\" data-id=\"5c830ac\" data-element_type=\"widget\" data-widget_type=\"text-editor.default\">\n\t\t\t\t<div class=\"elementor-widget-container\">\n\t\t\t\t\t\t\t\t\t<p>Chaque \u00e9pouse poss\u00e8de son petit ensemble de b\u00e2timent. Les concessions f\u00e9minines ne sont pas m\u00eal\u00e9es \u00e0 celles des hommes. Elles sont richement d\u00e9cor\u00e9es de motifs inspir\u00e9s du quotidien\u00a0: empreinte de pas, calebasses, rang\u00e9es cultiv\u00e9es d\u2019un champ, feuilles de n\u00e9r\u00e9, branchage composant un panier, etc. Les d\u00e9corations se d\u00e9clinent en incisions, peintures et bas-reliefs. Elles ont pour but de prot\u00e9ger et\/ou d\u00e9corer les cases. Les p\u00e9riodes de d\u00e9corations ou de r\u00e9fections repr\u00e9sentent \u00e9galement des moments de rencontre et de transmission interg\u00e9n\u00e9rationnelle, uniquement r\u00e9serv\u00e9 aux femmes.<\/p><p class=\"MsoNormal\" style=\"text-align: justify;\"><!-- [if supportFields]><span style='mso-bidi-font-size:12.0pt;line-height:107%'><span style='mso-element: field-end'><\/span><\/span><![endif]--><\/p>\t\t\t\t\t\t\t\t<\/div>\n\t\t\t\t<\/div>\n\t\t\t\t\t<\/div>\n\t\t<\/div>\n\t\t\t\t\t<\/div>\n\t\t<\/section>\n\t\t\t\t<section class=\"elementor-section elementor-top-section elementor-element elementor-element-4241c81 elementor-section-boxed elementor-section-height-default elementor-section-height-default\" data-id=\"4241c81\" data-element_type=\"section\">\n\t\t\t\t\t\t<div class=\"elementor-container elementor-column-gap-default\">\n\t\t\t\t\t<div class=\"elementor-column elementor-col-100 elementor-top-column elementor-element elementor-element-495c58e\" data-id=\"495c58e\" data-element_type=\"column\">\n\t\t\t<div class=\"elementor-widget-wrap elementor-element-populated\">\n\t\t\t\t\t\t<div class=\"elementor-element elementor-element-3a714a6 elementor-widget elementor-widget-image\" data-id=\"3a714a6\" data-element_type=\"widget\" data-widget_type=\"image.default\">\n\t\t\t\t<div class=\"elementor-widget-container\">\n\t\t\t\t\t\t\t\t\t\t\t\t<figure class=\"wp-caption\">\n\t\t\t\t\t\t\t\t\t\t<img decoding=\"async\" width=\"1024\" height=\"724\" src=\"https:\/\/www.cafearchi.fr\/wp-content\/uploads\/2025\/12\/Kassena-symbole-deco-1024x724.jpg\" class=\"attachment-large size-large wp-image-1000\" alt=\"\" srcset=\"https:\/\/www.cafearchi.fr\/wp-content\/uploads\/2025\/12\/Kassena-symbole-deco-1024x724.jpg 1024w, https:\/\/www.cafearchi.fr\/wp-content\/uploads\/2025\/12\/Kassena-symbole-deco-300x212.jpg 300w, https:\/\/www.cafearchi.fr\/wp-content\/uploads\/2025\/12\/Kassena-symbole-deco-768x543.jpg 768w, https:\/\/www.cafearchi.fr\/wp-content\/uploads\/2025\/12\/Kassena-symbole-deco-1536x1086.jpg 1536w, https:\/\/www.cafearchi.fr\/wp-content\/uploads\/2025\/12\/Kassena-symbole-deco-2048x1448.jpg 2048w, https:\/\/www.cafearchi.fr\/wp-content\/uploads\/2025\/12\/Kassena-symbole-deco-120x85.jpg 120w\" sizes=\"(max-width: 1024px) 100vw, 1024px\" \/>\t\t\t\t\t\t\t\t\t\t\t<figcaption class=\"widget-image-caption wp-caption-text\">Quelques symboles d\u00e9coratifs - Illustration adapt\u00e9e d'apr\u00e8s (Dioma et al., 2008)<\/figcaption>\n\t\t\t\t\t\t\t\t\t\t<\/figure>\n\t\t\t\t\t\t\t\t\t<\/div>\n\t\t\t\t<\/div>\n\t\t\t\t\t<\/div>\n\t\t<\/div>\n\t\t\t\t\t<\/div>\n\t\t<\/section>\n\t\t\t\t<section class=\"elementor-section elementor-top-section elementor-element elementor-element-a11497f elementor-section-boxed elementor-section-height-default elementor-section-height-default\" data-id=\"a11497f\" data-element_type=\"section\">\n\t\t\t\t\t\t<div class=\"elementor-container elementor-column-gap-default\">\n\t\t\t\t\t<div class=\"elementor-column elementor-col-100 elementor-top-column elementor-element elementor-element-ccc96a4\" data-id=\"ccc96a4\" data-element_type=\"column\">\n\t\t\t<div class=\"elementor-widget-wrap elementor-element-populated\">\n\t\t\t\t\t\t<div class=\"elementor-element elementor-element-08ba82c elementor-widget elementor-widget-heading\" data-id=\"08ba82c\" data-element_type=\"widget\" data-widget_type=\"heading.default\">\n\t\t\t\t<div class=\"elementor-widget-container\">\n\t\t\t\t\t<h2 class=\"elementor-heading-title elementor-size-default\"><p style=\"text-align:justify;text-indent:-18.0pt\"><span style=\"font-size:16.0pt;line-height:107%\">5.<span style=\"font-weight: normal;font-size: 7pt;line-height: normal\">&nbsp;&nbsp;\n<\/span><\/span><span style=\"font-size: 21.3333px\">L'habitat Kassena aujourd'hui<\/span><span style=\"font-size: 2rem\"><\/span><\/p><\/h2>\t\t\t\t<\/div>\n\t\t\t\t<\/div>\n\t\t\t\t\t<\/div>\n\t\t<\/div>\n\t\t\t\t\t<\/div>\n\t\t<\/section>\n\t\t\t\t<section class=\"elementor-section elementor-top-section elementor-element elementor-element-1236549 elementor-section-boxed elementor-section-height-default elementor-section-height-default\" data-id=\"1236549\" data-element_type=\"section\">\n\t\t\t\t\t\t<div class=\"elementor-container elementor-column-gap-default\">\n\t\t\t\t\t<div class=\"elementor-column elementor-col-100 elementor-top-column elementor-element elementor-element-df3b1f6\" data-id=\"df3b1f6\" data-element_type=\"column\">\n\t\t\t<div class=\"elementor-widget-wrap elementor-element-populated\">\n\t\t\t\t\t\t<div class=\"elementor-element elementor-element-cb8f300 elementor-widget elementor-widget-text-editor\" data-id=\"cb8f300\" data-element_type=\"widget\" data-widget_type=\"text-editor.default\">\n\t\t\t\t<div class=\"elementor-widget-container\">\n\t\t\t\t\t\t\t\t\t<p>Comme on peut s\u2019en douter, la mondialisation a eu un fort impact sur la perception de cette culture constructive et les nouvelles aspirations des jeunes populations. \u00ab D\u00e8s qu\u2019ils en ont les moyens, les Kassena pr\u00e9f\u00e8rent aujourd\u2019hui des maisons rectangulaires, \u00e0 toit de t\u00f4le, sans d\u00e9coration\u00a0\u00bb (Hahn, 2000). A cela s\u2019ajoute l\u2019utilisation du b\u00e9ton per\u00e7u comme efficient pour un mode vie plus moderne et ais\u00e9 (Piesik, 2017). Cependant certaines actions sont ou peuvent \u00eatre organis\u00e9es en faveur de la pr\u00e9servation de cet h\u00e9ritage constructif\u00a0: sensibilisation aupr\u00e8s des jeunes\u00a0; cr\u00e9ation de zones d\u2019urbanisme r\u00e9glement\u00e9es comme c\u2019est le cas pour la cour royale de Ti\u00e9b\u00e9l\u00e9\u00a0; relev\u00e9 des constructions pour mieux les prot\u00e9ger des pathologies\u00a0; des actions associatives pour la d\u00e9fense du patrimoine et des r\u00e9fections p\u00e9riodiques sur les concessions.<\/p><p class=\"MsoNormal\" style=\"text-align: justify;\"><!-- [if supportFields]><span style='mso-bidi-font-size:12.0pt;line-height:107%'><span style='mso-element: field-end'><\/span><\/span><![endif]--><\/p>\t\t\t\t\t\t\t\t<\/div>\n\t\t\t\t<\/div>\n\t\t\t\t\t<\/div>\n\t\t<\/div>\n\t\t\t\t\t<\/div>\n\t\t<\/section>\n\t\t\t\t<section class=\"elementor-section elementor-top-section elementor-element elementor-element-e1948a8 elementor-section-boxed elementor-section-height-default elementor-section-height-default\" data-id=\"e1948a8\" data-element_type=\"section\">\n\t\t\t\t\t\t<div class=\"elementor-container elementor-column-gap-default\">\n\t\t\t\t\t<div class=\"elementor-column elementor-col-100 elementor-top-column elementor-element elementor-element-1424c2b\" data-id=\"1424c2b\" data-element_type=\"column\">\n\t\t\t<div class=\"elementor-widget-wrap elementor-element-populated\">\n\t\t\t\t\t\t<div class=\"elementor-element elementor-element-a13a943 elementor-widget elementor-widget-image\" data-id=\"a13a943\" data-element_type=\"widget\" data-widget_type=\"image.default\">\n\t\t\t\t<div class=\"elementor-widget-container\">\n\t\t\t\t\t\t\t\t\t\t\t\t<figure class=\"wp-caption\">\n\t\t\t\t\t\t\t\t\t\t<img decoding=\"async\" width=\"1024\" height=\"242\" src=\"https:\/\/www.cafearchi.fr\/wp-content\/uploads\/2025\/12\/CR-de-tangassogo-Carsten-ten-Brink-1024x242.jpg\" class=\"attachment-large size-large wp-image-1011\" alt=\"\" srcset=\"https:\/\/www.cafearchi.fr\/wp-content\/uploads\/2025\/12\/CR-de-tangassogo-Carsten-ten-Brink-1024x242.jpg 1024w, https:\/\/www.cafearchi.fr\/wp-content\/uploads\/2025\/12\/CR-de-tangassogo-Carsten-ten-Brink-300x71.jpg 300w, https:\/\/www.cafearchi.fr\/wp-content\/uploads\/2025\/12\/CR-de-tangassogo-Carsten-ten-Brink-768x181.jpg 768w, https:\/\/www.cafearchi.fr\/wp-content\/uploads\/2025\/12\/CR-de-tangassogo-Carsten-ten-Brink-1536x362.jpg 1536w, https:\/\/www.cafearchi.fr\/wp-content\/uploads\/2025\/12\/CR-de-tangassogo-Carsten-ten-Brink.jpg 2047w\" sizes=\"(max-width: 1024px) 100vw, 1024px\" \/>\t\t\t\t\t\t\t\t\t\t\t<figcaption class=\"widget-image-caption wp-caption-text\">Cour royale de Tangassogo - Carsten ten Brink<\/figcaption>\n\t\t\t\t\t\t\t\t\t\t<\/figure>\n\t\t\t\t\t\t\t\t\t<\/div>\n\t\t\t\t<\/div>\n\t\t\t\t\t<\/div>\n\t\t<\/div>\n\t\t\t\t\t<\/div>\n\t\t<\/section>\n\t\t\t\t<section class=\"elementor-section elementor-top-section elementor-element elementor-element-50ac2a93 elementor-section-boxed elementor-section-height-default elementor-section-height-default\" data-id=\"50ac2a93\" data-element_type=\"section\">\n\t\t\t\t\t\t<div class=\"elementor-container elementor-column-gap-default\">\n\t\t\t\t\t<div class=\"elementor-column elementor-col-100 elementor-top-column elementor-element elementor-element-72d311a5\" data-id=\"72d311a5\" data-element_type=\"column\">\n\t\t\t<div class=\"elementor-widget-wrap elementor-element-populated\">\n\t\t\t\t\t\t<div class=\"elementor-element elementor-element-3c0a5f83 elementor-widget-divider--view-line elementor-widget elementor-widget-divider\" data-id=\"3c0a5f83\" data-element_type=\"widget\" data-widget_type=\"divider.default\">\n\t\t\t\t<div class=\"elementor-widget-container\">\n\t\t\t\t\t\t\t<div class=\"elementor-divider\">\n\t\t\t<span class=\"elementor-divider-separator\">\n\t\t\t\t\t\t<\/span>\n\t\t<\/div>\n\t\t\t\t\t\t<\/div>\n\t\t\t\t<\/div>\n\t\t\t\t\t<\/div>\n\t\t<\/div>\n\t\t\t\t\t<\/div>\n\t\t<\/section>\n\t\t\t\t<section class=\"elementor-section elementor-top-section elementor-element elementor-element-44f3a5d2 elementor-section-boxed elementor-section-height-default elementor-section-height-default\" data-id=\"44f3a5d2\" data-element_type=\"section\">\n\t\t\t\t\t\t<div class=\"elementor-container elementor-column-gap-default\">\n\t\t\t\t\t<div class=\"elementor-column elementor-col-100 elementor-top-column elementor-element elementor-element-74733300\" data-id=\"74733300\" data-element_type=\"column\">\n\t\t\t<div class=\"elementor-widget-wrap elementor-element-populated\">\n\t\t\t\t\t\t<div class=\"elementor-element elementor-element-4f71d2fe elementor-widget elementor-widget-text-editor\" data-id=\"4f71d2fe\" data-element_type=\"widget\" data-widget_type=\"text-editor.default\">\n\t\t\t\t<div class=\"elementor-widget-container\">\n\t\t\t\t\t\t\t\t\t<p>En somme, le peuple Kassena a su durant quelques si\u00e8cles d\u00e9velopper une architecture en concordance, avec des principes hi\u00e9rarchiques et sociaux internes. Il s\u2019agit \u00e9galement d\u2019une architecture vernaculaire d\u00e9fensive tirant partie de ressources locales et de techniques de constructions intelligentes. Leur syst\u00e8me de toiture terrasse ainsi que les riches d\u00e9corations des concessions f\u00e9minines les distinguent \u00e9galement tout en alliant esth\u00e9tique et fonctionnalit\u00e9. Malgr\u00e9 un abandon progressif des nouvelles g\u00e9n\u00e9rations, diverses actions collectives sont mises en place \u00e0 pour pr\u00e9server ce riche h\u00e9ritage.<\/p><p class=\"MsoNormal\" style=\"text-align: justify;\"><!-- [if supportFields]><span style='mso-bidi-font-size:12.0pt;line-height:107%'><span style='mso-element: field-end'><\/span><\/span><![endif]--><\/p>\t\t\t\t\t\t\t\t<\/div>\n\t\t\t\t<\/div>\n\t\t\t\t\t<\/div>\n\t\t<\/div>\n\t\t\t\t\t<\/div>\n\t\t<\/section>\n\t\t\t\t<section class=\"elementor-section elementor-top-section elementor-element elementor-element-f101b3e elementor-section-boxed elementor-section-height-default elementor-section-height-default\" data-id=\"f101b3e\" data-element_type=\"section\">\n\t\t\t\t\t\t<div class=\"elementor-container elementor-column-gap-default\">\n\t\t\t\t\t<div class=\"elementor-column elementor-col-100 elementor-top-column elementor-element elementor-element-255af64\" data-id=\"255af64\" data-element_type=\"column\">\n\t\t\t<div class=\"elementor-widget-wrap elementor-element-populated\">\n\t\t\t\t\t\t<div class=\"elementor-element elementor-element-ea4423d elementor-widget elementor-widget-spacer\" data-id=\"ea4423d\" data-element_type=\"widget\" data-widget_type=\"spacer.default\">\n\t\t\t\t<div class=\"elementor-widget-container\">\n\t\t\t\t\t\t\t<div class=\"elementor-spacer\">\n\t\t\t<div class=\"elementor-spacer-inner\"><\/div>\n\t\t<\/div>\n\t\t\t\t\t\t<\/div>\n\t\t\t\t<\/div>\n\t\t\t\t\t<\/div>\n\t\t<\/div>\n\t\t\t\t\t<\/div>\n\t\t<\/section>\n\t\t\t\t<section class=\"elementor-section elementor-top-section elementor-element elementor-element-4b250f7 elementor-section-boxed elementor-section-height-default elementor-section-height-default\" data-id=\"4b250f7\" data-element_type=\"section\">\n\t\t\t\t\t\t<div class=\"elementor-container elementor-column-gap-default\">\n\t\t\t\t\t<div class=\"elementor-column elementor-col-100 elementor-top-column elementor-element elementor-element-2cb1b63\" data-id=\"2cb1b63\" data-element_type=\"column\">\n\t\t\t<div class=\"elementor-widget-wrap elementor-element-populated\">\n\t\t\t\t\t\t<div class=\"elementor-element elementor-element-230b4c8 elementor-widget elementor-widget-text-editor\" data-id=\"230b4c8\" data-element_type=\"widget\" data-widget_type=\"text-editor.default\">\n\t\t\t\t<div class=\"elementor-widget-container\">\n\t\t\t\t\t\t\t\t\t<p><a href=\"#_ftnref1\" name=\"_ftn1\">[1]<\/a> Groupe de personnes se r\u00e9clamant d\u2019un anc\u00eatre masculin commun.<\/p><p><a href=\"#_ftnref1\" name=\"_ftn1\">[2]<\/a> Technique de construction traditionnelle dans laquelle La terre est pos\u00e9e humide en couches successives, puis laiss\u00e9e \u00e0 s\u00e9cher naturellement, ce qui forme des murs \u00e9pais. Elle est g\u00e9n\u00e9ralement m\u00e9lang\u00e9e \u00e0 de la paille ou d\u2019autres fibres v\u00e9g\u00e9tales, sans coffrage.<\/p><p class=\"MsoNormal\" style=\"text-align: justify;\"><!-- [if supportFields]><span style='mso-bidi-font-size:12.0pt;line-height:107%'><span style='mso-element: field-end'><\/span><\/span><![endif]--><\/p>\t\t\t\t\t\t\t\t<\/div>\n\t\t\t\t<\/div>\n\t\t\t\t\t<\/div>\n\t\t<\/div>\n\t\t\t\t\t<\/div>\n\t\t<\/section>\n\t\t\t\t<section class=\"elementor-section elementor-top-section elementor-element elementor-element-e61b4b9 elementor-section-boxed elementor-section-height-default elementor-section-height-default\" data-id=\"e61b4b9\" data-element_type=\"section\">\n\t\t\t\t\t\t<div class=\"elementor-container elementor-column-gap-default\">\n\t\t\t\t\t<div class=\"elementor-column elementor-col-100 elementor-top-column elementor-element elementor-element-10b028f0\" data-id=\"10b028f0\" data-element_type=\"column\">\n\t\t\t<div class=\"elementor-widget-wrap elementor-element-populated\">\n\t\t\t\t\t\t<div class=\"elementor-element elementor-element-2936eb1c elementor-widget-divider--view-line elementor-widget elementor-widget-divider\" data-id=\"2936eb1c\" data-element_type=\"widget\" data-widget_type=\"divider.default\">\n\t\t\t\t<div class=\"elementor-widget-container\">\n\t\t\t\t\t\t\t<div class=\"elementor-divider\">\n\t\t\t<span class=\"elementor-divider-separator\">\n\t\t\t\t\t\t<\/span>\n\t\t<\/div>\n\t\t\t\t\t\t<\/div>\n\t\t\t\t<\/div>\n\t\t\t\t\t<\/div>\n\t\t<\/div>\n\t\t\t\t\t<\/div>\n\t\t<\/section>\n\t\t\t\t<section class=\"elementor-section elementor-top-section elementor-element elementor-element-2775d1ac elementor-section-boxed elementor-section-height-default elementor-section-height-default\" data-id=\"2775d1ac\" data-element_type=\"section\">\n\t\t\t\t\t\t<div class=\"elementor-container elementor-column-gap-default\">\n\t\t\t\t\t<div class=\"elementor-column elementor-col-100 elementor-top-column elementor-element elementor-element-103babd3\" data-id=\"103babd3\" data-element_type=\"column\">\n\t\t\t<div class=\"elementor-widget-wrap elementor-element-populated\">\n\t\t\t\t\t\t<div class=\"elementor-element elementor-element-726b29cd elementor-widget__width-initial animated-slow elementor-invisible elementor-widget elementor-widget-text-editor\" data-id=\"726b29cd\" data-element_type=\"widget\" data-settings=\"{&quot;_animation&quot;:&quot;fadeIn&quot;,&quot;_animation_delay&quot;:100}\" data-widget_type=\"text-editor.default\">\n\t\t\t\t<div class=\"elementor-widget-container\">\n\t\t\t\t\t\t\t\t\t<p><span style=\"color: #000000; font-size: 21.3333px; font-weight: 600; text-indent: -24px; white-space-collapse: preserve;\">R\u00e9f\u00e9rences<\/span><\/p><p>Dioma, J.-C., Kabor\u00e9, B., Traoret, A., Dandiga, C., &amp; Gandreau, D. (2008). <em>La cour royale de Ti\u00e9b\u00e9l\u00e9, Burkina Faso<\/em>. CRATerre \u00e9d.<\/p><p>Doat, P., Bardagot, A.-M., Guillaud, H., Houben, H., Joffroy, T., Rigassi, V., Rollet, P., &amp; Vitoux, F. (1991). <em>\u00c9tude sur les savoirs constructifs au Burkina Faso<\/em>. CRATerre-EAG. https:\/\/hal.science\/hal-03172429<\/p><p>Hahn, H. (2000). Spatial concepts of the Kassena (Burkina Faso). <em>Anthropos: International Review of Anthropology and Linguistics<\/em>, <em>95<\/em>, 129\u2011148.<\/p><p>Piesik, S. (2017). <em>Habiter la plan\u00e8te\u202f: Atlas mondial de l\u2019architecture traditionnelle et vernaculaire<\/em>. Flammarion.<\/p><p><span style=\"color: #000000; font-size: 21.3333px; font-weight: 600; text-indent: -24px; white-space-collapse: preserve;\">Images<\/span><\/p><p>Image de partage &#8211; Guillaume Colin &amp; Pauline Penot<\/p><p>Plan d&rsquo;une concession &#8211; Illustration adapt\u00e9e d&rsquo;apr\u00e8s (Hahn, 2000)<\/p><p>Coupe de principe sur une case &#8211; Ulrich Yalo<\/p><p>Vue int\u00e9rieure d&rsquo;une concession &#8211; Rita Willaert<\/p><p>Cour royale de Ti\u00e9b\u00e9l\u00e9 &#8211; Rita Willaert<\/p><p>Int\u00e9rieur d&rsquo;une concession &#8211; Arnaud Delberghe<\/p><p>Vue a\u00e9rienne &#8211; Arnaud Delberghe<\/p><p>Quelques symboles d\u00e9coratifs &#8211; Illustration adapt\u00e9e d&rsquo;apr\u00e8s<\/p><p style=\"text-align: justify;\"><!-- [if supportFields]><span style='mso-bidi-font-size:12.0pt;line-height:107%'><span style='mso-element: field-end'><\/span><\/span><![endif]--><\/p>\t\t\t\t\t\t\t\t<\/div>\n\t\t\t\t<\/div>\n\t\t\t\t\t<\/div>\n\t\t<\/div>\n\t\t\t\t\t<\/div>\n\t\t<\/section>\n\t\t\t\t<\/div>\n\t\t","protected":false},"excerpt":{"rendered":"<p>Le continent africain regorge d\u2019une grande\u00a0 vari\u00e9t\u00e9 de constructions traditionnelles. Parmi elles, il y en a une qui arrive \u00e0 conjuguer sur un m\u00eame terrain &hellip; <\/p>\n","protected":false},"author":1,"featured_media":1021,"comment_status":"open","ping_status":"open","sticky":false,"template":"","format":"standard","meta":{"footnotes":""},"categories":[7],"tags":[],"class_list":["post-986","post","type-post","status-publish","format-standard","has-post-thumbnail","hentry","category-r-m"],"_links":{"self":[{"href":"https:\/\/www.cafearchi.fr\/index.php?rest_route=\/wp\/v2\/posts\/986","targetHints":{"allow":["GET"]}}],"collection":[{"href":"https:\/\/www.cafearchi.fr\/index.php?rest_route=\/wp\/v2\/posts"}],"about":[{"href":"https:\/\/www.cafearchi.fr\/index.php?rest_route=\/wp\/v2\/types\/post"}],"author":[{"embeddable":true,"href":"https:\/\/www.cafearchi.fr\/index.php?rest_route=\/wp\/v2\/users\/1"}],"replies":[{"embeddable":true,"href":"https:\/\/www.cafearchi.fr\/index.php?rest_route=%2Fwp%2Fv2%2Fcomments&post=986"}],"version-history":[{"count":46,"href":"https:\/\/www.cafearchi.fr\/index.php?rest_route=\/wp\/v2\/posts\/986\/revisions"}],"predecessor-version":[{"id":1047,"href":"https:\/\/www.cafearchi.fr\/index.php?rest_route=\/wp\/v2\/posts\/986\/revisions\/1047"}],"wp:featuredmedia":[{"embeddable":true,"href":"https:\/\/www.cafearchi.fr\/index.php?rest_route=\/wp\/v2\/media\/1021"}],"wp:attachment":[{"href":"https:\/\/www.cafearchi.fr\/index.php?rest_route=%2Fwp%2Fv2%2Fmedia&parent=986"}],"wp:term":[{"taxonomy":"category","embeddable":true,"href":"https:\/\/www.cafearchi.fr\/index.php?rest_route=%2Fwp%2Fv2%2Fcategories&post=986"},{"taxonomy":"post_tag","embeddable":true,"href":"https:\/\/www.cafearchi.fr\/index.php?rest_route=%2Fwp%2Fv2%2Ftags&post=986"}],"curies":[{"name":"wp","href":"https:\/\/api.w.org\/{rel}","templated":true}]}}