{"id":385,"date":"2021-07-18T19:08:36","date_gmt":"2021-07-18T19:08:36","guid":{"rendered":"https:\/\/www.cafearchi.fr\/?p=385"},"modified":"2025-05-02T08:53:10","modified_gmt":"2025-05-02T08:53:10","slug":"6-conseils-pour-ameliorer-la-perception-dun-cadre-bati-par-la-lumiere","status":"publish","type":"post","link":"https:\/\/www.cafearchi.fr\/?p=385","title":{"rendered":"6 Conseils pour am\u00e9liorer la perception d\u2019un cadre b\u00e2ti par la lumi\u00e8re"},"content":{"rendered":"\t\t<div data-elementor-type=\"wp-post\" data-elementor-id=\"385\" class=\"elementor elementor-385\">\n\t\t\t\t\t\t<section class=\"elementor-section elementor-top-section elementor-element elementor-element-f9a225c elementor-section-boxed elementor-section-height-default elementor-section-height-default\" data-id=\"f9a225c\" data-element_type=\"section\">\n\t\t\t\t\t\t<div class=\"elementor-container elementor-column-gap-default\">\n\t\t\t\t\t<div class=\"elementor-column elementor-col-100 elementor-top-column elementor-element elementor-element-1f126b3\" data-id=\"1f126b3\" data-element_type=\"column\">\n\t\t\t<div class=\"elementor-widget-wrap elementor-element-populated\">\n\t\t\t\t\t\t<div class=\"elementor-element elementor-element-aeeb209 elementor-widget elementor-widget-text-editor\" data-id=\"aeeb209\" data-element_type=\"widget\" data-widget_type=\"text-editor.default\">\n\t\t\t\t<div class=\"elementor-widget-container\">\n\t\t\t\t\t\t\t\t\t<p><span style=\"color: #000000;\">Parmi tous nos sens, la vue est sans doute le premier qui nous relie au monde qui nous entoure. Elle est op\u00e9rationnelle gr\u00e2ce \u00e0 la lumi\u00e8re que nous percevons. Celle-ci traverse la pupille, s\u2019imprime dans le fond de l\u2019\u0153il sur la r\u00e9tine, avant d\u2019\u00eatre interpr\u00e9t\u00e9e par le cerveau via des signaux \u00e9lectriques. La lumi\u00e8re nous permet de percevoir notre environnement, notre cadre de vie, mais poss\u00e8de aussi une influence tr\u00e8s forte au niveau sensoriel via son intensit\u00e9 ou sa couleur. Elle peut conditionner le fait qu\u2019on se sente bien, ou pas en s\u00e9curit\u00e9 dans un endroit. Comprendre comment elle fonctionne pour mieux l\u2019appr\u00e9hender est donc un enjeu majeur pour l\u2019am\u00e9lioration de la qualit\u00e9 de vie dans un b\u00e2timent. A quoi sert la lumi\u00e8re et quel r\u00f4le joue-t-elle dans la cr\u00e9ation d\u2019ambiance dans une pi\u00e8ce et le bien-\u00eatre des usagers ? Comment peut-on am\u00e9liorer la qualit\u00e9 de lumi\u00e8re dans un espace b\u00e2ti ? J\u2019apporterai quelques \u00e9l\u00e9ments de r\u00e9ponses \u00e0 ces interrogations tout en proposant 6 conseils pour cr\u00e9er un cadre lumineux agr\u00e9able et confortable.<\/span><\/p>\t\t\t\t\t\t\t\t<\/div>\n\t\t\t\t<\/div>\n\t\t\t\t\t<\/div>\n\t\t<\/div>\n\t\t\t\t\t<\/div>\n\t\t<\/section>\n\t\t\t\t<section class=\"elementor-section elementor-top-section elementor-element elementor-element-74b21ef elementor-section-boxed elementor-section-height-default elementor-section-height-default\" data-id=\"74b21ef\" data-element_type=\"section\">\n\t\t\t\t\t\t<div class=\"elementor-container elementor-column-gap-default\">\n\t\t\t\t\t<div class=\"elementor-column elementor-col-100 elementor-top-column elementor-element elementor-element-09ee017\" data-id=\"09ee017\" data-element_type=\"column\">\n\t\t\t<div class=\"elementor-widget-wrap elementor-element-populated\">\n\t\t\t\t\t\t<div class=\"elementor-element elementor-element-d1a60b5 elementor-widget elementor-widget-text-editor\" data-id=\"d1a60b5\" data-element_type=\"widget\" data-widget_type=\"text-editor.default\">\n\t\t\t\t<div class=\"elementor-widget-container\">\n\t\t\t\t\t\t\t\t\t<h4 style=\"padding-left: 40px;\"><span style=\"color: #000000;\">1. Pr\u00e9ambule<\/span><\/h4><p><span style=\"color: #000000;\">A quoi sert la lumi\u00e8re\u00a0? Cette question pourrait para\u00eetre ridicule, si elle avait \u00e9t\u00e9 pos\u00e9e quatre d\u00e9cennies plus t\u00f4t. <strong><em>Elle sert \u00e0 voir<\/em><\/strong> semble \u00eatre une r\u00e9ponse \u00e9vidente. En effet, l\u2019\u00eatre humain ne b\u00e2tit-il pas son environnement et ne se d\u00e9place-t-il pas convenablement sous la lumi\u00e8re ? Elle a d\u2019ailleurs \u00e9t\u00e9 n\u00e9cessaire \u00e0 la survie de l\u2019humanit\u00e9 : avec la d\u00e9couverte du feu et sa domestication, l\u2019homme pr\u00e9historique pouvait voir la nuit et faire face aux dangers potentiels. Par ailleurs, l\u2019\u00e9volution a permis la cr\u00e9ation de divers sources lumineuses comme la chandelle ou la lampe \u00e0 incandescence, t\u00e9moignant du besoin de conqu\u00eate visuelle de l\u2019homme sur son territoire. \u00a0\u00a0Contrairement \u00e0 cette premi\u00e8re approche tr\u00e8s fonctionnaliste, je vous propose une assertion plus subtile et po\u00e9tique : <em><strong>La lumi\u00e8re aide \u00e0 percevoir l\u2019espace et le temps<\/strong>.<\/em> Cette deuxi\u00e8me approche place le r\u00f4le de la lumi\u00e8re dans un ensemble plus grand d\u2019\u00e9l\u00e9ments \u00e0 vocation sensorielle. En effet, hormis la luminosit\u00e9 d\u2019un milieu, le bruit ambiant, l\u2019odeur ressentie, la temp\u00e9rature int\u00e9rieure, le volume de la pi\u00e8ce et les sensations au contact des mat\u00e9riaux de construction sont autant d\u2019\u00e9l\u00e9ments qui influenceront le ressenti dans un espace b\u00e2ti. En m\u00eame temps qu\u2019elle relativise la fonction lumineuse, cette approche l\u2019\u00e9largit \u00e0 la notion de temps. Dans un b\u00e2timent, nous aimons estimer le temps qui passe par un simple coup d\u2019\u0153il \u00e0 la fen\u00eatre ou sur les espaces \u00e9clair\u00e9s. L\u2019intensit\u00e9 lumineuse ainsi que les diff\u00e9rentes variations et degr\u00e9s de coloration suffisent pour savoir l\u2019heure qu\u2019il est, le temps qu\u2019il fait. Un bon niveau lumineux permet au corps humain de se synchroniser avec l\u2019\u00e9volution de la journ\u00e9e \u2013 entre 2 500 lux et 10 000 lux \u2013 et lutter contre le d\u00e9calage horaire, tout en diminuant les risques de d\u00e9pression saisonni\u00e8re, ou encore d\u2019assoupissement pour les personnes \u00e2g\u00e9es (Narboni, 2006) (Association Fran\u00e7aise de l\u2019Eclairage, 2020). La lumi\u00e8re joue un r\u00f4le fonctionnel pour nous orienter dans l\u2019espace, un r\u00f4le r\u00e9gulateur pour la biologie humaine, et dans certains cas, un r\u00f4le curatif.<\/span><\/p>\t\t\t\t\t\t\t\t<\/div>\n\t\t\t\t<\/div>\n\t\t\t\t\t<\/div>\n\t\t<\/div>\n\t\t\t\t\t<\/div>\n\t\t<\/section>\n\t\t\t\t<section class=\"elementor-section elementor-top-section elementor-element elementor-element-dcca510 elementor-section-boxed elementor-section-height-default elementor-section-height-default\" data-id=\"dcca510\" data-element_type=\"section\">\n\t\t\t\t\t\t<div class=\"elementor-container elementor-column-gap-default\">\n\t\t\t\t\t<div class=\"elementor-column elementor-col-100 elementor-top-column elementor-element elementor-element-a1a0b69\" data-id=\"a1a0b69\" data-element_type=\"column\">\n\t\t\t<div class=\"elementor-widget-wrap elementor-element-populated\">\n\t\t\t\t\t\t<div class=\"elementor-element elementor-element-4880de6 elementor-widget elementor-widget-text-editor\" data-id=\"4880de6\" data-element_type=\"widget\" data-widget_type=\"text-editor.default\">\n\t\t\t\t<div class=\"elementor-widget-container\">\n\t\t\t\t\t\t\t\t\t<h4 style=\"padding-left: 40px;\"><span style=\"color: #000000;\">2. Eclairages et ambiances lumineuses<\/span><\/h4><p><span style=\"color: #000000;\">Selon (Narboni, 2006), une ambiance lumineuse est le produit d\u2019une interaction entre une ou plusieurs lumi\u00e8res, l\u2019espace et l\u2019individu, capable de modifier la perception du lieu. Cr\u00e9er une ambiance lumineuse dans une pi\u00e8ce, c\u2019est donc d\u2019abord et avant tout permettre son \u00e9clairage. Mais quel \u00e9clairage ? On distingue l\u2019\u00e9clairage fonctionnel et l\u2019\u00e9clairage d\u2019ambiance. Quand on parle d\u2019\u00e9clairage fonctionnel, on se r\u00e9f\u00e8re \u00e0 l\u2019\u00e9clairage qui permet le respect des niveaux de luminosit\u00e9 n\u00e9cessaires pour une t\u00e2che particuli\u00e8re. On parlera alors <em>d\u2019\u00e9clairage d\u2019un plan de travail<\/em>, ou <em>d\u2019\u00e9clairage de s\u00e9curit\u00e9 <\/em>par exemple. Mais n\u00e9gliger ainsi la dimension sensorielle de ce type d\u2019\u00e9clairage est une erreur car dans tous les cas, il y a perception de l\u2019usager en fonction de son \u00e2ge, de sa vision, de ses \u00e9motions ou encore de sa culture. On peut donc consid\u00e9rer qu\u2019un \u00e9clairage fonctionnel est un <em>\u00e9clairage d\u2019ambiance par d\u00e9faut<\/em>. Mais l\u2019\u00e9clairage d\u2019ambiance \u00e0 proprement parler, loin de satisfaire aux exigences minimales de niveau moyen d\u2019\u00e9clairement, vise surtout \u00e0 g\u00e9n\u00e9rer une perception, un ressenti dans l\u2019endroit o\u00f9 il est appliqu\u00e9. Il prendra alors diverses formes : diffus, direct, ou indirect. Il pourra avoir des couleurs diverses, pas n\u00e9cessairement directement en lien avec l\u2019activit\u00e9 men\u00e9e dans la pi\u00e8ce. Il peut aussi \u00eatre graduable et modulable en coloration et en intensit\u00e9 afin de cr\u00e9er l\u2019atmosph\u00e8re souhait\u00e9e.<\/span><\/p>\t\t\t\t\t\t\t\t<\/div>\n\t\t\t\t<\/div>\n\t\t\t\t\t<\/div>\n\t\t<\/div>\n\t\t\t\t\t<\/div>\n\t\t<\/section>\n\t\t\t\t<section class=\"elementor-section elementor-top-section elementor-element elementor-element-341bb05 elementor-section-boxed elementor-section-height-default elementor-section-height-default\" data-id=\"341bb05\" data-element_type=\"section\">\n\t\t\t\t\t\t<div class=\"elementor-container elementor-column-gap-default\">\n\t\t\t\t\t<div class=\"elementor-column elementor-col-100 elementor-top-column elementor-element elementor-element-558e78a\" data-id=\"558e78a\" data-element_type=\"column\">\n\t\t\t<div class=\"elementor-widget-wrap elementor-element-populated\">\n\t\t\t\t\t\t<div class=\"elementor-element elementor-element-bba31fb elementor-widget elementor-widget-text-editor\" data-id=\"bba31fb\" data-element_type=\"widget\" data-widget_type=\"text-editor.default\">\n\t\t\t\t<div class=\"elementor-widget-container\">\n\t\t\t\t\t\t\t\t\t<h4 style=\"padding-left: 40px;\"><span style=\"color: #000000;\">3. Conseils<\/span><\/h4><p><span style=\"color: #000000;\">Il est en r\u00e9alit\u00e9 impossible d\u2019\u00e9dicter des r\u00e8gles universelles pour cr\u00e9er l\u2019\u00e9clairage id\u00e9al d\u2019un lieu en raison des diff\u00e9rences de perception qui varient selon les r\u00e9gions du globe et les individus. Cependant, certains principes sont n\u00e9cessaires si l\u2019on veut favoriser un confort visuel optimal et g\u00e9n\u00e9rer une bonne ambiance lumineuse. Loin d\u2019\u00eatre exhaustives, les actions ci-apr\u00e8s apportent quelques orientations utiles.<\/span><\/p>\t\t\t\t\t\t\t\t<\/div>\n\t\t\t\t<\/div>\n\t\t\t\t\t<\/div>\n\t\t<\/div>\n\t\t\t\t\t<\/div>\n\t\t<\/section>\n\t\t\t\t<section class=\"elementor-section elementor-top-section elementor-element elementor-element-388c166 elementor-section-boxed elementor-section-height-default elementor-section-height-default\" data-id=\"388c166\" data-element_type=\"section\">\n\t\t\t\t\t\t<div class=\"elementor-container elementor-column-gap-default\">\n\t\t\t\t\t<div class=\"elementor-column elementor-col-100 elementor-top-column elementor-element elementor-element-47bc94d\" data-id=\"47bc94d\" data-element_type=\"column\">\n\t\t\t<div class=\"elementor-widget-wrap elementor-element-populated\">\n\t\t\t\t\t\t<div class=\"elementor-element elementor-element-288b4aa elementor-widget elementor-widget-text-editor\" data-id=\"288b4aa\" data-element_type=\"widget\" data-widget_type=\"text-editor.default\">\n\t\t\t\t<div class=\"elementor-widget-container\">\n\t\t\t\t\t\t\t\t\t<h4 style=\"padding-left: 80px;\"><span style=\"text-decoration: underline; color: #636060;\">a. Respecter les niveaux moyens d\u2019\u00e9clairement<\/span><\/h4><p><span style=\"color: #000000;\">Selon le type de local, un bon niveau d\u2019\u00e9clairement est n\u00e9cessaire pour r\u00e9aliser l\u2019activit\u00e9 \u00e0 laquelle il est d\u00e9di\u00e9. Pour les projets d\u2019\u00e9clairage int\u00e9rieur des locaux de travail par exemple, la norme NF EN 12464-1 fixe des valeurs minimales \u00e0 respecter. En voici quelques-unes\u00a0:<\/span><\/p><ul><li><span style=\"color: #000000;\">300 lux pour les restaurants, h\u00f4tels, r\u00e9ceptions, caisses et conciergeries\u00a0;<\/span><\/li><li><span style=\"color: #000000;\">300 lux pour les magasins et zones de ventes ;<\/span><\/li><li><span style=\"color: #000000;\">500 lux pour les cuisines\u00a0;<\/span><\/li><li><span style=\"color: #000000;\">500 lux pour les b\u00e2timents scolaires\u00a0;<\/span><\/li><li><span style=\"color: #000000;\">100 lux pour les zones de circulation et couloirs\u00a0;<\/span><\/li><li><span style=\"color: #000000;\">750 lux pour les salles de dessin industriel<\/span><\/li><\/ul><p><span style=\"color: #000000;\">Ces chiffres sont assortis d\u2019autres valeurs telles que la limite d\u2019\u00e9blouissement d\u2019inconfort ou URG maximal (22 pour la cuisine par exemple) et l\u2019indice de rendu des couleurs minimal (80 pour l\u2019\u00e9clairages de bureaux par exemple).\u00a0\u00a0\u00a0\u00a0<\/span><\/p>\t\t\t\t\t\t\t\t<\/div>\n\t\t\t\t<\/div>\n\t\t\t\t\t<\/div>\n\t\t<\/div>\n\t\t\t\t\t<\/div>\n\t\t<\/section>\n\t\t\t\t<section class=\"elementor-section elementor-top-section elementor-element elementor-element-08a1bc0 elementor-section-boxed elementor-section-height-default elementor-section-height-default\" data-id=\"08a1bc0\" data-element_type=\"section\">\n\t\t\t\t\t\t<div class=\"elementor-container elementor-column-gap-default\">\n\t\t\t\t\t<div class=\"elementor-column elementor-col-100 elementor-top-column elementor-element elementor-element-8fc19f1\" data-id=\"8fc19f1\" data-element_type=\"column\">\n\t\t\t<div class=\"elementor-widget-wrap elementor-element-populated\">\n\t\t\t\t\t\t<div class=\"elementor-element elementor-element-5b7a75b elementor-widget elementor-widget-image\" data-id=\"5b7a75b\" data-element_type=\"widget\" data-widget_type=\"image.default\">\n\t\t\t\t<div class=\"elementor-widget-container\">\n\t\t\t\t\t\t\t\t\t\t\t\t<figure class=\"wp-caption\">\n\t\t\t\t\t\t\t\t\t\t<img fetchpriority=\"high\" decoding=\"async\" width=\"1024\" height=\"683\" src=\"https:\/\/www.cafearchi.fr\/wp-content\/uploads\/2021\/07\/public-library-1401219_1920-1024x683.jpg\" class=\"attachment-large size-large wp-image-406\" alt=\"\" srcset=\"https:\/\/www.cafearchi.fr\/wp-content\/uploads\/2021\/07\/public-library-1401219_1920-1024x683.jpg 1024w, https:\/\/www.cafearchi.fr\/wp-content\/uploads\/2021\/07\/public-library-1401219_1920-300x200.jpg 300w, https:\/\/www.cafearchi.fr\/wp-content\/uploads\/2021\/07\/public-library-1401219_1920-768x512.jpg 768w, https:\/\/www.cafearchi.fr\/wp-content\/uploads\/2021\/07\/public-library-1401219_1920-1536x1024.jpg 1536w, https:\/\/www.cafearchi.fr\/wp-content\/uploads\/2021\/07\/public-library-1401219_1920.jpg 1920w\" sizes=\"(max-width: 1024px) 100vw, 1024px\" \/>\t\t\t\t\t\t\t\t\t\t\t<figcaption class=\"widget-image-caption wp-caption-text\">Niveau moyen d'\u00e9clairement n\u00e9cessaire \u00e0 la lecture, g\u00e9n\u00e9r\u00e9 par diverses sources lumineuses \u00e0 la biblioth\u00e8que publique de Boston - Image par Monica Volpin de Pixabay <\/figcaption>\n\t\t\t\t\t\t\t\t\t\t<\/figure>\n\t\t\t\t\t\t\t\t\t<\/div>\n\t\t\t\t<\/div>\n\t\t\t\t\t<\/div>\n\t\t<\/div>\n\t\t\t\t\t<\/div>\n\t\t<\/section>\n\t\t\t\t<section class=\"elementor-section elementor-top-section elementor-element elementor-element-6c0e0bc elementor-section-boxed elementor-section-height-default elementor-section-height-default\" data-id=\"6c0e0bc\" data-element_type=\"section\">\n\t\t\t\t\t\t<div class=\"elementor-container elementor-column-gap-default\">\n\t\t\t\t\t<div class=\"elementor-column elementor-col-100 elementor-top-column elementor-element elementor-element-57d40b3\" data-id=\"57d40b3\" data-element_type=\"column\">\n\t\t\t<div class=\"elementor-widget-wrap elementor-element-populated\">\n\t\t\t\t\t\t<div class=\"elementor-element elementor-element-32523e1 elementor-widget elementor-widget-text-editor\" data-id=\"32523e1\" data-element_type=\"widget\" data-widget_type=\"text-editor.default\">\n\t\t\t\t<div class=\"elementor-widget-container\">\n\t\t\t\t\t\t\t\t\t<h4 style=\"padding-left: 80px;\"><span style=\"text-decoration: underline; color: #636060;\">b. Emp\u00eacher l&rsquo;\u00e9blouissement<\/span><\/h4><p><span style=\"color: #000000;\">L\u2019\u00e9blouissement peut avoir diverses origines : absence de protection sur les fa\u00e7ades \u00e0 fort rayonnement solaire, surfaces r\u00e9fl\u00e9chissantes, mauvais am\u00e9nagement des mobiliers ou mauvais emplacement des luminaires, etc. La baisse de concentration et la fatigue qui en r\u00e9sultent, emp\u00eachent la productivit\u00e9 et g\u00e9n\u00e8rent un sentiment d\u00e9sagr\u00e9able chez l\u2019usager. Des solutions \u00e9videntes existent comme les occultations (stores, volets et rideaux), et l\u2019utilisation de surfaces mates. Mais en ce qui concerne les luminaires, il est important de penser \u00e0 la mise en \u0153uvre d\u2019appareils \u00e0 luminances limit\u00e9es, de favoriser l\u2019\u00e9clairage indirect, et de penser le plan d\u2019\u00e9clairage d\u2019une pi\u00e8ce en fonction de l\u2019am\u00e9nagement des mobiliers (Zumtobel Lighting GmbH, 2017).<\/span><\/p>\t\t\t\t\t\t\t\t<\/div>\n\t\t\t\t<\/div>\n\t\t\t\t\t<\/div>\n\t\t<\/div>\n\t\t\t\t\t<\/div>\n\t\t<\/section>\n\t\t\t\t<section class=\"elementor-section elementor-top-section elementor-element elementor-element-7e25176 elementor-section-boxed elementor-section-height-default elementor-section-height-default\" data-id=\"7e25176\" data-element_type=\"section\">\n\t\t\t\t\t\t<div class=\"elementor-container elementor-column-gap-default\">\n\t\t\t\t\t<div class=\"elementor-column elementor-col-100 elementor-top-column elementor-element elementor-element-5525153\" data-id=\"5525153\" data-element_type=\"column\">\n\t\t\t<div class=\"elementor-widget-wrap elementor-element-populated\">\n\t\t\t\t\t\t<div class=\"elementor-element elementor-element-1399587 elementor-widget elementor-widget-image\" data-id=\"1399587\" data-element_type=\"widget\" data-widget_type=\"image.default\">\n\t\t\t\t<div class=\"elementor-widget-container\">\n\t\t\t\t\t\t\t\t\t\t\t\t<figure class=\"wp-caption\">\n\t\t\t\t\t\t\t\t\t\t<img decoding=\"async\" width=\"1024\" height=\"683\" src=\"https:\/\/www.cafearchi.fr\/wp-content\/uploads\/2021\/07\/person-690157_1920-1024x683.jpg\" class=\"attachment-large size-large wp-image-404\" alt=\"\" srcset=\"https:\/\/www.cafearchi.fr\/wp-content\/uploads\/2021\/07\/person-690157_1920-1024x683.jpg 1024w, https:\/\/www.cafearchi.fr\/wp-content\/uploads\/2021\/07\/person-690157_1920-300x200.jpg 300w, https:\/\/www.cafearchi.fr\/wp-content\/uploads\/2021\/07\/person-690157_1920-768x512.jpg 768w, https:\/\/www.cafearchi.fr\/wp-content\/uploads\/2021\/07\/person-690157_1920-1536x1024.jpg 1536w, https:\/\/www.cafearchi.fr\/wp-content\/uploads\/2021\/07\/person-690157_1920.jpg 1920w\" sizes=\"(max-width: 1024px) 100vw, 1024px\" \/>\t\t\t\t\t\t\t\t\t\t\t<figcaption class=\"widget-image-caption wp-caption-text\">Eblouissement d\u00e9sagr\u00e9able - Image par Free-Photos de Pixabay <\/figcaption>\n\t\t\t\t\t\t\t\t\t\t<\/figure>\n\t\t\t\t\t\t\t\t\t<\/div>\n\t\t\t\t<\/div>\n\t\t\t\t\t<\/div>\n\t\t<\/div>\n\t\t\t\t\t<\/div>\n\t\t<\/section>\n\t\t\t\t<section class=\"elementor-section elementor-top-section elementor-element elementor-element-abd5177 elementor-section-boxed elementor-section-height-default elementor-section-height-default\" data-id=\"abd5177\" data-element_type=\"section\">\n\t\t\t\t\t\t<div class=\"elementor-container elementor-column-gap-default\">\n\t\t\t\t\t<div class=\"elementor-column elementor-col-100 elementor-top-column elementor-element elementor-element-b62ef67\" data-id=\"b62ef67\" data-element_type=\"column\">\n\t\t\t<div class=\"elementor-widget-wrap elementor-element-populated\">\n\t\t\t\t\t\t<div class=\"elementor-element elementor-element-c1f583b elementor-widget elementor-widget-text-editor\" data-id=\"c1f583b\" data-element_type=\"widget\" data-widget_type=\"text-editor.default\">\n\t\t\t\t<div class=\"elementor-widget-container\">\n\t\t\t\t\t\t\t\t\t<h4 style=\"padding-left: 80px;\"><span style=\"text-decoration: underline; color: #636060;\">c. Mettre en valeur le volume et la structure par l&rsquo;\u00e9clairage et le choix des luminaires<\/span><\/h4><p><span style=\"color: #000000;\">Se sentir bien et en s\u00e9curit\u00e9 dans un lieu n\u00e9cessite aussi une bonne vision de l\u2019organisation et de la structuration de l\u2019espace. La lumi\u00e8re a le pouvoir de g\u00e9n\u00e9rer ces effets, et mieux encore de magnifier un volume \u2013 je n\u2019\u00e9voque pas ici le cas particulier des endroits ou l\u2019obscurit\u00e9 joue un r\u00f4le important pour le rapprochement comme dans les bars la nuit, ou dans les caves pour la conservation du vin. Plusieurs astuces sont possibles :<\/span><\/p><ul><li><span style=\"color: #000000;\">Dessiner les contours des parois \u00e0 l\u2019aide de tubes haute tension \u00e0 cathode froide (n\u00e9on) par exemple, en \u00e9clairage direct ou indirect\u00a0;<\/span><\/li><li><span style=\"color: #000000;\">Souligner la texture d\u2019une paroi verticale opaque ou la pr\u00e9sence d\u2019un \u00e9l\u00e9ment structurant de l\u2019espace (murs, piliers, charpente) par un \u00e9clairage frisant en plong\u00e9e ou en contre-plong\u00e9e ;<\/span><\/li><li><span style=\"color: #000000;\">Rehausser l\u2019image d\u2019un plan horizontal isol\u00e9 par un ou des luminaires suspendus ou une lampe sur pied\u00a0;<\/span><\/li><\/ul><p><span style=\"color: #000000;\">Il faut ajouter \u00e0 cela le choix les luminaires qui doivent s\u2019int\u00e9grer harmonieusement au d\u00e9cor et ajouter une esth\u00e9tique au lieu. Dans les grands h\u00f4tels, les halls d\u2019accueil sont souvent \u00e9quip\u00e9s de lustres divers, pouvant varier d\u2019un style baroque \u00e0 un style contemporain, destin\u00e9s \u00e0 rendre inoubliables l\u2019attente et la visite des clients. \u00a0<\/span><\/p>\t\t\t\t\t\t\t\t<\/div>\n\t\t\t\t<\/div>\n\t\t\t\t\t<\/div>\n\t\t<\/div>\n\t\t\t\t\t<\/div>\n\t\t<\/section>\n\t\t\t\t<section class=\"elementor-section elementor-top-section elementor-element elementor-element-3e8374d elementor-section-boxed elementor-section-height-default elementor-section-height-default\" data-id=\"3e8374d\" data-element_type=\"section\">\n\t\t\t\t\t\t<div class=\"elementor-container elementor-column-gap-default\">\n\t\t\t\t\t<div class=\"elementor-column elementor-col-100 elementor-top-column elementor-element elementor-element-aef3bc7\" data-id=\"aef3bc7\" data-element_type=\"column\">\n\t\t\t<div class=\"elementor-widget-wrap elementor-element-populated\">\n\t\t\t\t\t\t<div class=\"elementor-element elementor-element-bb25fa5 elementor-widget elementor-widget-image\" data-id=\"bb25fa5\" data-element_type=\"widget\" data-widget_type=\"image.default\">\n\t\t\t\t<div class=\"elementor-widget-container\">\n\t\t\t\t\t\t\t\t\t\t\t\t<figure class=\"wp-caption\">\n\t\t\t\t\t\t\t\t\t\t<img decoding=\"async\" width=\"1024\" height=\"682\" src=\"https:\/\/www.cafearchi.fr\/wp-content\/uploads\/2021\/07\/architecture-2570434_1920-1-1024x682.jpg\" class=\"attachment-large size-large wp-image-401\" alt=\"\" srcset=\"https:\/\/www.cafearchi.fr\/wp-content\/uploads\/2021\/07\/architecture-2570434_1920-1-1024x682.jpg 1024w, https:\/\/www.cafearchi.fr\/wp-content\/uploads\/2021\/07\/architecture-2570434_1920-1-300x200.jpg 300w, https:\/\/www.cafearchi.fr\/wp-content\/uploads\/2021\/07\/architecture-2570434_1920-1-768x512.jpg 768w, https:\/\/www.cafearchi.fr\/wp-content\/uploads\/2021\/07\/architecture-2570434_1920-1-1536x1023.jpg 1536w, https:\/\/www.cafearchi.fr\/wp-content\/uploads\/2021\/07\/architecture-2570434_1920-1-700x465.jpg 700w, https:\/\/www.cafearchi.fr\/wp-content\/uploads\/2021\/07\/architecture-2570434_1920-1.jpg 1920w\" sizes=\"(max-width: 1024px) 100vw, 1024px\" \/>\t\t\t\t\t\t\t\t\t\t\t<figcaption class=\"widget-image-caption wp-caption-text\">Espace structur\u00e9 par des luminaires \u00e9voquant la section des poteaux - Image par StockSnap de Pixabay <\/figcaption>\n\t\t\t\t\t\t\t\t\t\t<\/figure>\n\t\t\t\t\t\t\t\t\t<\/div>\n\t\t\t\t<\/div>\n\t\t\t\t\t<\/div>\n\t\t<\/div>\n\t\t\t\t\t<\/div>\n\t\t<\/section>\n\t\t\t\t<section class=\"elementor-section elementor-top-section elementor-element elementor-element-745b4a4 elementor-section-boxed elementor-section-height-default elementor-section-height-default\" data-id=\"745b4a4\" data-element_type=\"section\">\n\t\t\t\t\t\t<div class=\"elementor-container elementor-column-gap-default\">\n\t\t\t\t\t<div class=\"elementor-column elementor-col-100 elementor-top-column elementor-element elementor-element-d669206\" data-id=\"d669206\" data-element_type=\"column\">\n\t\t\t<div class=\"elementor-widget-wrap elementor-element-populated\">\n\t\t\t\t\t\t<div class=\"elementor-element elementor-element-cf9a66d elementor-widget elementor-widget-text-editor\" data-id=\"cf9a66d\" data-element_type=\"widget\" data-widget_type=\"text-editor.default\">\n\t\t\t\t<div class=\"elementor-widget-container\">\n\t\t\t\t\t\t\t\t\t<h4 style=\"padding-left: 80px;\"><span style=\"text-decoration: underline; color: #636060;\">d. Rendre l&rsquo;\u00e9clairage modulable et graduable<\/span><\/h4><p><span style=\"color: #000000;\">Un local peut n\u00e9cessiter diverses ambiances selon le moment de la journ\u00e9e et les activit\u00e9s qui y sont pratiqu\u00e9es (attente, renseignements et jeux dans un grand hall par exemple). Le d\u00e9coupage par zones d\u2019\u00e9clairage localis\u00e9es permet une meilleure adaptation visuelle \u00e0 chacune des activit\u00e9s propos\u00e9es et favorise l\u2019orientation des visiteurs. Chaque zone peut ainsi b\u00e9n\u00e9ficier d\u2019un \u00e9clairage avec une couleur particuli\u00e8re et une intensit\u00e9 sp\u00e9cifique qui contribuent \u00e0 structurer l\u2019espace. Il existe \u00e9galement des luminaires dimmables qui peuvent varier en intensit\u00e9 de flux lumineux gr\u00e2ce \u00e0 un bouton poussoir ou un d\u00e9tecteur de luminosit\u00e9, et qui repr\u00e9sentent un moyen efficace pour assurer le niveau d\u2019\u00e9clairage suffisant aux besoins changeants de la journ\u00e9e (<em>Gradation<\/em>, 2013). Il s\u2019agit v\u00e9ritablement ici de rendre l\u2019\u00e9clairage dynamique. L\u2019utilisation coordonn\u00e9e de plusieurs appareils peut \u00e9galement \u00eatre utile\u00a0:<\/span><\/p><ul><li><span style=\"color: #000000;\">Lampes encastr\u00e9es orientables\u00a0;<\/span><\/li><li><span style=\"color: #000000;\">Projecteurs orientables sur rails ou lampes sur pied pour des activit\u00e9s de pr\u00e9cisions ;<\/span><\/li><li><span style=\"color: #000000;\">Des lustres ou des lampes suspendus pour mettre en valeur des espaces ouverts et chaleureux ou des plans horizontaux\u00a0;<\/span><\/li><li><span style=\"color: #000000;\">Des fibres optiques pour mettre en valeur un plafond, d\u00e9limiter un espace ou agr\u00e9menter une pi\u00e8ce.<\/span><\/li><\/ul>\t\t\t\t\t\t\t\t<\/div>\n\t\t\t\t<\/div>\n\t\t\t\t\t<\/div>\n\t\t<\/div>\n\t\t\t\t\t<\/div>\n\t\t<\/section>\n\t\t\t\t<section class=\"elementor-section elementor-top-section elementor-element elementor-element-3c50622 elementor-section-boxed elementor-section-height-default elementor-section-height-default\" data-id=\"3c50622\" data-element_type=\"section\">\n\t\t\t\t\t\t<div class=\"elementor-container elementor-column-gap-default\">\n\t\t\t\t\t<div class=\"elementor-column elementor-col-100 elementor-top-column elementor-element elementor-element-0e1099a\" data-id=\"0e1099a\" data-element_type=\"column\">\n\t\t\t<div class=\"elementor-widget-wrap elementor-element-populated\">\n\t\t\t\t\t\t<div class=\"elementor-element elementor-element-b6e7df0 elementor-widget elementor-widget-text-editor\" data-id=\"b6e7df0\" data-element_type=\"widget\" data-widget_type=\"text-editor.default\">\n\t\t\t\t<div class=\"elementor-widget-container\">\n\t\t\t\t\t\t\t\t\t<h4 style=\"padding-left: 80px;\"><span style=\"text-decoration: underline; color: #636060;\">e. Tenir compte et maximiser l&rsquo;apport de la lumi\u00e8re naturelle<\/span><\/h4><p><span style=\"color: #000000;\">La n\u00e9cessit\u00e9 de r\u00e9duire la consommation \u00e9nerg\u00e9tique dans le b\u00e2timent fait de la lumi\u00e8re naturelle une ressource primordiale. Par ailleurs, son apport dans le b\u00e2timent procure un bien-\u00eatre \u00e0 la foi physique et psychologique et permet aux usagers d\u2019avoir une conscience du d\u00e9roulement de la journ\u00e9e. A contrario, travailler dans un local exclusivement \u00e9clair\u00e9 par la lumi\u00e8re artificielle peut devenir stressant et avoir \u00e0 la longue un effet contre-productif. Savoir combiner lumi\u00e8re naturelle et \u00e9clairage artificiel n\u00e9cessite une r\u00e9flexion en amont du projet de construction sur les ambiances souhait\u00e9es, les niveaux d\u2019\u00e9clairage exig\u00e9s et les dispositifs techniques \u00e0 mettre en \u0153uvre. Plusieurs solutions existent. Il est possible de r\u00e9aliser un \u00e9clairage par section, avec des commandes diff\u00e9renci\u00e9es pour apporter les appoints de lumi\u00e8re artificielle dans les zones situ\u00e9es dans la p\u00e9nombre. Des syst\u00e8mes automatis\u00e9s ou non, utilisant des lampes gradables sont \u00e9galement un moyen de satisfaire aux besoins diurne et nocturne dans un m\u00eame local. Les occultations permettent un meilleur contr\u00f4le du flux lumineux entrant dans la pi\u00e8ce tout au long de la journ\u00e9e.<\/span><\/p>\t\t\t\t\t\t\t\t<\/div>\n\t\t\t\t<\/div>\n\t\t\t\t\t<\/div>\n\t\t<\/div>\n\t\t\t\t\t<\/div>\n\t\t<\/section>\n\t\t\t\t<section class=\"elementor-section elementor-top-section elementor-element elementor-element-b29f91a elementor-section-boxed elementor-section-height-default elementor-section-height-default\" data-id=\"b29f91a\" data-element_type=\"section\">\n\t\t\t\t\t\t<div class=\"elementor-container elementor-column-gap-default\">\n\t\t\t\t\t<div class=\"elementor-column elementor-col-100 elementor-top-column elementor-element elementor-element-283c612\" data-id=\"283c612\" data-element_type=\"column\">\n\t\t\t<div class=\"elementor-widget-wrap elementor-element-populated\">\n\t\t\t\t\t\t<div class=\"elementor-element elementor-element-9358e01 elementor-widget elementor-widget-image\" data-id=\"9358e01\" data-element_type=\"widget\" data-widget_type=\"image.default\">\n\t\t\t\t<div class=\"elementor-widget-container\">\n\t\t\t\t\t\t\t\t\t\t\t\t<figure class=\"wp-caption\">\n\t\t\t\t\t\t\t\t\t\t<img loading=\"lazy\" decoding=\"async\" width=\"1024\" height=\"576\" src=\"https:\/\/www.cafearchi.fr\/wp-content\/uploads\/2021\/07\/apartment-3564955_1920-1024x576.jpg\" class=\"attachment-large size-large wp-image-403\" alt=\"\" srcset=\"https:\/\/www.cafearchi.fr\/wp-content\/uploads\/2021\/07\/apartment-3564955_1920-1024x576.jpg 1024w, https:\/\/www.cafearchi.fr\/wp-content\/uploads\/2021\/07\/apartment-3564955_1920-300x169.jpg 300w, https:\/\/www.cafearchi.fr\/wp-content\/uploads\/2021\/07\/apartment-3564955_1920-768x432.jpg 768w, https:\/\/www.cafearchi.fr\/wp-content\/uploads\/2021\/07\/apartment-3564955_1920-1536x864.jpg 1536w, https:\/\/www.cafearchi.fr\/wp-content\/uploads\/2021\/07\/apartment-3564955_1920.jpg 1920w\" sizes=\"(max-width: 1024px) 100vw, 1024px\" \/>\t\t\t\t\t\t\t\t\t\t\t<figcaption class=\"widget-image-caption wp-caption-text\">Pi\u00e8ce baignant dans la lumi\u00e8re du jour - Image par Arek Socha de Pixabay <\/figcaption>\n\t\t\t\t\t\t\t\t\t\t<\/figure>\n\t\t\t\t\t\t\t\t\t<\/div>\n\t\t\t\t<\/div>\n\t\t\t\t\t<\/div>\n\t\t<\/div>\n\t\t\t\t\t<\/div>\n\t\t<\/section>\n\t\t\t\t<section class=\"elementor-section elementor-top-section elementor-element elementor-element-03bf920 elementor-section-boxed elementor-section-height-default elementor-section-height-default\" data-id=\"03bf920\" data-element_type=\"section\">\n\t\t\t\t\t\t<div class=\"elementor-container elementor-column-gap-default\">\n\t\t\t\t\t<div class=\"elementor-column elementor-col-100 elementor-top-column elementor-element elementor-element-8c7da27\" data-id=\"8c7da27\" data-element_type=\"column\">\n\t\t\t<div class=\"elementor-widget-wrap elementor-element-populated\">\n\t\t\t\t\t\t<div class=\"elementor-element elementor-element-6f7889c elementor-widget elementor-widget-text-editor\" data-id=\"6f7889c\" data-element_type=\"widget\" data-widget_type=\"text-editor.default\">\n\t\t\t\t<div class=\"elementor-widget-container\">\n\t\t\t\t\t\t\t\t\t<h4 style=\"padding-left: 80px;\"><span style=\"text-decoration: underline; color: #636060;\">f. Rompre avec la monotonie par les couleurs<\/span><\/h4><p><span style=\"color: #000000;\">Quand on planifie l\u2019\u00e9clairage d\u2019une construction, il faut aussi constamment penser ambiance lumineuse. Un \u00e9clairage \u00e0 vocation exclusivement fonctionnelle peut tr\u00e8s vite rendre le lieu terne et lassant. Certains types d\u2019espaces sont particuli\u00e8rement sujet \u00e0 ce ph\u00e9nom\u00e8ne : les couloirs, les halls d\u2019attente, les salles de classe, les bureaux, etc. Pour cela, en plus de l\u2019\u00e9clairage fonctionnel, un ou plusieurs \u00e9clairages d\u2019ambiance peuvent \u00eatre utilis\u00e9s \u00e0 diverses fins : \u00e9veiller les sens des usagers, marquer des espaces de transition, ou mettre en valeur des surfaces ou textures particuli\u00e8res. Ils seront color\u00e9s avec un bon IRC (Indice de Rendu des Couleurs) et en g\u00e9n\u00e9ral d\u2019intensit\u00e9 mod\u00e9r\u00e9e pour ne pas g\u00e9n\u00e9rer de contrastes importants avec la lumi\u00e8re du jour ou l\u2019\u00e9clairage fonctionnel. Ils peuvent \u00eatre r\u00e9alis\u00e9s gr\u00e2ce \u00e0 des appareils suspendus, des surfaces lumineuses, des appareils l\u00e8che-murs, des lignes lumineuses color\u00e9es, etc. A la mani\u00e8re des vitraux des cath\u00e9drales, les vitrages color\u00e9s, sont particuli\u00e8rement efficaces \u00e0 la cr\u00e9ation d\u2019ambiance gr\u00e2ce au filtrage de la lumi\u00e8re et sa coloration dans l\u2019espace.<\/span><\/p>\t\t\t\t\t\t\t\t<\/div>\n\t\t\t\t<\/div>\n\t\t\t\t\t<\/div>\n\t\t<\/div>\n\t\t\t\t\t<\/div>\n\t\t<\/section>\n\t\t\t\t<section class=\"elementor-section elementor-top-section elementor-element elementor-element-55e18db elementor-section-boxed elementor-section-height-default elementor-section-height-default\" data-id=\"55e18db\" data-element_type=\"section\">\n\t\t\t\t\t\t<div class=\"elementor-container elementor-column-gap-default\">\n\t\t\t\t\t<div class=\"elementor-column elementor-col-100 elementor-top-column elementor-element elementor-element-8393d6e\" data-id=\"8393d6e\" data-element_type=\"column\">\n\t\t\t<div class=\"elementor-widget-wrap elementor-element-populated\">\n\t\t\t\t\t\t<div class=\"elementor-element elementor-element-25dfcde elementor-widget elementor-widget-image\" data-id=\"25dfcde\" data-element_type=\"widget\" data-widget_type=\"image.default\">\n\t\t\t\t<div class=\"elementor-widget-container\">\n\t\t\t\t\t\t\t\t\t\t\t\t<figure class=\"wp-caption\">\n\t\t\t\t\t\t\t\t\t\t<img loading=\"lazy\" decoding=\"async\" width=\"1024\" height=\"681\" src=\"https:\/\/www.cafearchi.fr\/wp-content\/uploads\/2021\/07\/kitchen-2010318_1920-1024x681.jpg\" class=\"attachment-large size-large wp-image-402\" alt=\"\" srcset=\"https:\/\/www.cafearchi.fr\/wp-content\/uploads\/2021\/07\/kitchen-2010318_1920-1024x681.jpg 1024w, https:\/\/www.cafearchi.fr\/wp-content\/uploads\/2021\/07\/kitchen-2010318_1920-300x199.jpg 300w, https:\/\/www.cafearchi.fr\/wp-content\/uploads\/2021\/07\/kitchen-2010318_1920-768x510.jpg 768w, https:\/\/www.cafearchi.fr\/wp-content\/uploads\/2021\/07\/kitchen-2010318_1920-1536x1021.jpg 1536w, https:\/\/www.cafearchi.fr\/wp-content\/uploads\/2021\/07\/kitchen-2010318_1920-700x465.jpg 700w, https:\/\/www.cafearchi.fr\/wp-content\/uploads\/2021\/07\/kitchen-2010318_1920.jpg 1920w\" sizes=\"(max-width: 1024px) 100vw, 1024px\" \/>\t\t\t\t\t\t\t\t\t\t\t<figcaption class=\"widget-image-caption wp-caption-text\">Cuisine alliant \u00e9clairage fonctionnel avec \u00e9clairage d'ambiance - Image par kannapoonan de Pixabay <\/figcaption>\n\t\t\t\t\t\t\t\t\t\t<\/figure>\n\t\t\t\t\t\t\t\t\t<\/div>\n\t\t\t\t<\/div>\n\t\t\t\t\t<\/div>\n\t\t<\/div>\n\t\t\t\t\t<\/div>\n\t\t<\/section>\n\t\t\t\t<section class=\"elementor-section elementor-top-section elementor-element elementor-element-5cb7860 elementor-section-boxed elementor-section-height-default elementor-section-height-default\" data-id=\"5cb7860\" data-element_type=\"section\">\n\t\t\t\t\t\t<div class=\"elementor-container elementor-column-gap-default\">\n\t\t\t\t\t<div class=\"elementor-column elementor-col-100 elementor-top-column elementor-element elementor-element-4d1c426\" data-id=\"4d1c426\" data-element_type=\"column\">\n\t\t\t<div class=\"elementor-widget-wrap elementor-element-populated\">\n\t\t\t\t\t\t<div class=\"elementor-element elementor-element-78722cd elementor-widget elementor-widget-spacer\" data-id=\"78722cd\" data-element_type=\"widget\" data-widget_type=\"spacer.default\">\n\t\t\t\t<div class=\"elementor-widget-container\">\n\t\t\t\t\t\t\t<div class=\"elementor-spacer\">\n\t\t\t<div class=\"elementor-spacer-inner\"><\/div>\n\t\t<\/div>\n\t\t\t\t\t\t<\/div>\n\t\t\t\t<\/div>\n\t\t\t\t\t<\/div>\n\t\t<\/div>\n\t\t\t\t\t<\/div>\n\t\t<\/section>\n\t\t\t\t<section class=\"elementor-section elementor-top-section elementor-element elementor-element-f963856 elementor-section-boxed elementor-section-height-default elementor-section-height-default\" data-id=\"f963856\" data-element_type=\"section\">\n\t\t\t\t\t\t<div class=\"elementor-container elementor-column-gap-default\">\n\t\t\t\t\t<div class=\"elementor-column elementor-col-100 elementor-top-column elementor-element elementor-element-99dced4\" data-id=\"99dced4\" data-element_type=\"column\">\n\t\t\t<div class=\"elementor-widget-wrap elementor-element-populated\">\n\t\t\t\t\t\t<div class=\"elementor-element elementor-element-f924c13 elementor-widget elementor-widget-text-editor\" data-id=\"f924c13\" data-element_type=\"widget\" data-widget_type=\"text-editor.default\">\n\t\t\t\t<div class=\"elementor-widget-container\">\n\t\t\t\t\t\t\t\t\t<p><span style=\"color: #000000;\">En conclusion, l\u2019\u00eatre humain a besoin de la lumi\u00e8re pour voir, se d\u00e9placer et appr\u00e9hender son espace de vie. Mais cette lumi\u00e8re a le pouvoir d\u2019influencer positivement ou n\u00e9gativement sa perception de son environnement, ainsi que son bien-\u00eatre. C\u2019est pour cela que dans tout projet de construction, il faut s\u2019int\u00e9resser en amont aux\u00a0 m\u00e9thodes et moyens pour cr\u00e9er les niveaux d\u2019\u00e9clairage n\u00e9cessaires aux diff\u00e9rentes activit\u00e9s en \u00e9vitant tout \u00e9blouissement, et mettre en valeur l\u2019architecture du b\u00e2timent par la lumi\u00e8re. Il faut, par ailleurs, faire dialoguer l\u2019\u00e9clairage artificiel avec l\u2019\u00e9clairage naturel qui joue un r\u00f4le important dans le bien-\u00eatre physique et psychologique de l\u2019usager et qui varie tout au long de la journ\u00e9e. Enfin, un \u00e9clairage dynamique gr\u00e2ce \u00e0 la variabilit\u00e9 des couleurs, des effets et intensit\u00e9s lumineux, rend le cadre moins neutre et plus int\u00e9ressant \u00e0 vivre.<\/span><\/p>\t\t\t\t\t\t\t\t<\/div>\n\t\t\t\t<\/div>\n\t\t\t\t\t<\/div>\n\t\t<\/div>\n\t\t\t\t\t<\/div>\n\t\t<\/section>\n\t\t\t\t<section class=\"elementor-section elementor-top-section elementor-element elementor-element-1f3f52e elementor-section-boxed elementor-section-height-default elementor-section-height-default\" data-id=\"1f3f52e\" data-element_type=\"section\">\n\t\t\t\t\t\t<div class=\"elementor-container elementor-column-gap-default\">\n\t\t\t\t\t<div class=\"elementor-column elementor-col-100 elementor-top-column elementor-element elementor-element-47ddc24\" data-id=\"47ddc24\" data-element_type=\"column\">\n\t\t\t<div class=\"elementor-widget-wrap elementor-element-populated\">\n\t\t\t\t\t\t<div class=\"elementor-element elementor-element-e9ccff6 elementor-widget-divider--view-line elementor-widget elementor-widget-divider\" data-id=\"e9ccff6\" data-element_type=\"widget\" data-widget_type=\"divider.default\">\n\t\t\t\t<div class=\"elementor-widget-container\">\n\t\t\t\t\t\t\t<div class=\"elementor-divider\">\n\t\t\t<span class=\"elementor-divider-separator\">\n\t\t\t\t\t\t<\/span>\n\t\t<\/div>\n\t\t\t\t\t\t<\/div>\n\t\t\t\t<\/div>\n\t\t\t\t\t<\/div>\n\t\t<\/div>\n\t\t\t\t\t<\/div>\n\t\t<\/section>\n\t\t\t\t<section class=\"elementor-section elementor-top-section elementor-element elementor-element-8188d29 elementor-section-boxed elementor-section-height-default elementor-section-height-default\" data-id=\"8188d29\" data-element_type=\"section\">\n\t\t\t\t\t\t<div class=\"elementor-container elementor-column-gap-default\">\n\t\t\t\t\t<div class=\"elementor-column elementor-col-100 elementor-top-column elementor-element elementor-element-b4a7502\" data-id=\"b4a7502\" data-element_type=\"column\">\n\t\t\t<div class=\"elementor-widget-wrap elementor-element-populated\">\n\t\t\t\t\t\t<div class=\"elementor-element elementor-element-9358294 elementor-widget elementor-widget-text-editor\" data-id=\"9358294\" data-element_type=\"widget\" data-widget_type=\"text-editor.default\">\n\t\t\t\t<div class=\"elementor-widget-container\">\n\t\t\t\t\t\t\t\t\t<h4>R\u00e9f\u00e9rences<\/h4><p>Association Fran\u00e7aise de l\u2019Eclairage. (2020). <em>\u00c9CLAIRAGE DANS LES COLLECTIVIT\u00c9S &#8211; Fiches pratiques<\/em>. 56 p.<\/p><p><em>Gradation\u202f: Th\u00e9orie<\/em>. (2013, juin 11). Le guide de l\u2019\u00e9clairage. https:\/\/leclairage.fr\/th-gradation\/<\/p><p>Narboni, R. (2006). <em>Lumi\u00e8re et ambiances\u202f: Concevoir des \u00e9clairages pour l\u2019architecture et la ville\u202f: [analyses d\u2019ambiances lumineuses moyens techniques probl\u00e9matiques de conception d\u00e9marches environnementales exemples de r\u00e9alisations<\/em>. Le Moniteur.<\/p><p>Zumtobel Lighting GmbH. (2017). <em>Manuel pratique de l\u2019\u00e9clairage<\/em>. 245 P.<\/p><h4>Images<\/h4><p>Image mise en avant &#8211; Image par Free-Photos de Pixabay<\/p><p>Niveau moyen d&rsquo;\u00e9clairage n\u00e9cessaire \u00e0 la lecture, g\u00e9n\u00e9r\u00e9 par diverses sources lumineuses \u00e0 la biblioth\u00e8que publique de Boston &#8211; Image par Monica Volpin de Pixabay<\/p><p>Eblouissement d\u00e9sagr\u00e9able &#8211; Image par Free-Photos de Pixabay<\/p><p>Espace structur\u00e9 par des luminaires \u00e9voquant la section des poteaux &#8211; Image par StockSnap de Pixabay<\/p><p>Pi\u00e8ce baignant dans la lumi\u00e8re du jour &#8211; Image par Arek Socha de Pixabay<\/p><p>Cuisine alliant \u00e9clairage fonctionnel avec \u00e9clairage d&rsquo;ambiance &#8211; Image par kannapoonan de Pixabay<\/p>\t\t\t\t\t\t\t\t<\/div>\n\t\t\t\t<\/div>\n\t\t\t\t\t<\/div>\n\t\t<\/div>\n\t\t\t\t\t<\/div>\n\t\t<\/section>\n\t\t\t\t<\/div>\n\t\t","protected":false},"excerpt":{"rendered":"<p>Parmi tous nos sens, la vue est sans doute le premier qui nous relie au monde qui nous entoure. Elle est op\u00e9rationnelle gr\u00e2ce \u00e0 la &hellip; <\/p>\n","protected":false},"author":1,"featured_media":387,"comment_status":"open","ping_status":"open","sticky":false,"template":"","format":"standard","meta":{"footnotes":""},"categories":[6],"tags":[],"class_list":["post-385","post","type-post","status-publish","format-standard","has-post-thumbnail","hentry","category-architecture"],"_links":{"self":[{"href":"https:\/\/www.cafearchi.fr\/index.php?rest_route=\/wp\/v2\/posts\/385","targetHints":{"allow":["GET"]}}],"collection":[{"href":"https:\/\/www.cafearchi.fr\/index.php?rest_route=\/wp\/v2\/posts"}],"about":[{"href":"https:\/\/www.cafearchi.fr\/index.php?rest_route=\/wp\/v2\/types\/post"}],"author":[{"embeddable":true,"href":"https:\/\/www.cafearchi.fr\/index.php?rest_route=\/wp\/v2\/users\/1"}],"replies":[{"embeddable":true,"href":"https:\/\/www.cafearchi.fr\/index.php?rest_route=%2Fwp%2Fv2%2Fcomments&post=385"}],"version-history":[{"count":92,"href":"https:\/\/www.cafearchi.fr\/index.php?rest_route=\/wp\/v2\/posts\/385\/revisions"}],"predecessor-version":[{"id":489,"href":"https:\/\/www.cafearchi.fr\/index.php?rest_route=\/wp\/v2\/posts\/385\/revisions\/489"}],"wp:featuredmedia":[{"embeddable":true,"href":"https:\/\/www.cafearchi.fr\/index.php?rest_route=\/wp\/v2\/media\/387"}],"wp:attachment":[{"href":"https:\/\/www.cafearchi.fr\/index.php?rest_route=%2Fwp%2Fv2%2Fmedia&parent=385"}],"wp:term":[{"taxonomy":"category","embeddable":true,"href":"https:\/\/www.cafearchi.fr\/index.php?rest_route=%2Fwp%2Fv2%2Fcategories&post=385"},{"taxonomy":"post_tag","embeddable":true,"href":"https:\/\/www.cafearchi.fr\/index.php?rest_route=%2Fwp%2Fv2%2Ftags&post=385"}],"curies":[{"name":"wp","href":"https:\/\/api.w.org\/{rel}","templated":true}]}}