{"id":264,"date":"2021-06-04T01:30:22","date_gmt":"2021-06-04T01:30:22","guid":{"rendered":"https:\/\/www.cafearchi.fr\/?p=264"},"modified":"2025-05-02T08:56:02","modified_gmt":"2025-05-02T08:56:02","slug":"elementor-264","status":"publish","type":"post","link":"https:\/\/www.cafearchi.fr\/?p=264","title":{"rendered":"Introduction au Patrimoine (Comment d\u00e9finir un patrimoine ?)"},"content":{"rendered":"\t\t<div data-elementor-type=\"wp-post\" data-elementor-id=\"264\" class=\"elementor elementor-264\">\n\t\t\t\t\t\t<section class=\"elementor-section elementor-top-section elementor-element elementor-element-6216ea4 elementor-section-boxed elementor-section-height-default elementor-section-height-default\" data-id=\"6216ea4\" data-element_type=\"section\">\n\t\t\t\t\t\t<div class=\"elementor-container elementor-column-gap-default\">\n\t\t\t\t\t<div class=\"elementor-column elementor-col-100 elementor-top-column elementor-element elementor-element-8bcb28b\" data-id=\"8bcb28b\" data-element_type=\"column\">\n\t\t\t<div class=\"elementor-widget-wrap elementor-element-populated\">\n\t\t\t\t\t\t<div class=\"elementor-element elementor-element-f7f0823 elementor-widget elementor-widget-text-editor\" data-id=\"f7f0823\" data-element_type=\"widget\" data-widget_type=\"text-editor.default\">\n\t\t\t\t<div class=\"elementor-widget-container\">\n\t\t\t\t\t\t\t\t\t<h5><span style=\"color: #000000;\">Des pyramides de Gizeh en Egypte \u00e0 la grande moqu\u00e9e de Djenn\u00e9 au Mali, la liste des \u00e9difices anciens remarquables attitrant des milliers de touristes chaque ann\u00e9e est longue. Elle ne cesse d\u2019ailleurs de s\u2019agrandir depuis l\u2019\u00e9largissement de la notion de patrimoine aux milieux naturels, aux cultures et aux m\u00e9tiers entre la fin du XXe si\u00e8cle et le d\u00e9but du XXIe avec les conventions de l\u2019UNESCO (Organisation des Nations Unies pour l&rsquo;\u00e9ducation, la science et la culture) de 1972 et de 2003. Il en r\u00e9sulte une interrogation sur ce qu\u2019est un patrimoine. A-t-elle une origine ? Qui est habilit\u00e9 \u00e0 le d\u00e9finir ou le cr\u00e9er ? Quels sont les outils et moyens de protection du patrimoine ? En s\u2019appuyant sur l\u2019historique en France, cet article a pour but de faire d\u00e9couvrir les notions cl\u00e9s qui permette d\u2019avoir une perspective d\u2019ensemble sur ce qu\u2019est un patrimoine.<\/span><\/h5>\t\t\t\t\t\t\t\t<\/div>\n\t\t\t\t<\/div>\n\t\t\t\t\t<\/div>\n\t\t<\/div>\n\t\t\t\t\t<\/div>\n\t\t<\/section>\n\t\t\t\t<section class=\"elementor-section elementor-top-section elementor-element elementor-element-671c336 elementor-section-boxed elementor-section-height-default elementor-section-height-default\" data-id=\"671c336\" data-element_type=\"section\">\n\t\t\t\t\t\t<div class=\"elementor-container elementor-column-gap-default\">\n\t\t\t\t\t<div class=\"elementor-column elementor-col-100 elementor-top-column elementor-element elementor-element-ffc2f04\" data-id=\"ffc2f04\" data-element_type=\"column\">\n\t\t\t<div class=\"elementor-widget-wrap elementor-element-populated\">\n\t\t\t\t\t\t<div class=\"elementor-element elementor-element-2d769f6 elementor-widget elementor-widget-text-editor\" data-id=\"2d769f6\" data-element_type=\"widget\" data-widget_type=\"text-editor.default\">\n\t\t\t\t<div class=\"elementor-widget-container\">\n\t\t\t\t\t\t\t\t\t<h4 style=\"padding-left: 40px;\"><strong><span style=\"color: #000000;\">1. Origine<\/span><\/strong><\/h4><h5><span style=\"color: #000000;\">Les origines du patrimoine restent difficiles \u00e0 d\u00e9finir. M\u00eame si les premi\u00e8res instructions fran\u00e7aises remontent \u00e0 la r\u00e9volution, on image bien que de tout temps, les peuples et civilisations du monde entier comprenaient implicitement le patrimoine. Ils le vivaient. C\u2019est bien gr\u00e2ce \u00e7a que nous sont parvenus des monuments comme le parth\u00e9non en Gr\u00e8ce construit entre 447 et 432 av. JC ou les dolmens dont les plus anciens remontent \u00e0 plusieurs mill\u00e9naires av. JC. C\u2019est aussi le cas au Mali, o\u00f9 la grande mosqu\u00e9e de Djenn\u00e9 refait peau neuve annuellement depuis un si\u00e8cle avec des populations qui prennent d\u2019assaut les murs et toitures de l\u2019\u00e9difices, dans les chants et la bonne humeur. Ceci dit, le temps qui passe et les cons\u00e9quences des avanc\u00e9es technologiques contribuent \u00e0 l\u2019abandon, \u00e0 la d\u00e9gradation et \u00e0 la disparition de b\u00e2tisses anciennes remarquables. Il \u00e9tait donc n\u00e9cessaire de cr\u00e9er un cadre r\u00e9glementaire. Mais en France, c\u2019est d\u2019abord dans la fr\u00e9n\u00e9sie de la r\u00e9volution que vont na\u00eetre les premi\u00e8res instructions afin de prot\u00e9ger les grands monuments, per\u00e7us comme des symboles de l\u2019Ancien R\u00e9gime (Ollivier &amp; Agence Hemis, 2013). La commission des monuments est donc cr\u00e9\u00e9e en 1790. En 1831, Ludovic Vitet se voit confier le nouveau poste d\u2019inspecteur des monuments et doit \u00e0 ce titre proc\u00e9der \u00e0 un inventaire d\u2019\u00e9difices d\u00e9truits et d\u2019\u00e9difices \u00e0 conserver. Au fils des ans des op\u00e9rations de pr\u00e9servation s\u2019enchainent et l\u2019un de ses principaux acteurs se nomme Violet-Le-Duc avec, entre autres, la restauration de la Cath\u00e9drale Notre-Dame de Paris. Mais la premi\u00e8re loi de protection du patrimoine ne verra le jour qu\u2019en 1913. Il y aura ensuite en 1946 la cr\u00e9ation des Architectes des B\u00e2timents de France (ABF). Ce groupe d\u2019experts charg\u00e9s de questions patrimoniales apportent leur validation ou non \u00e0 des op\u00e9rations de construction dans les servitudes des monuments historiques lors des demandes de permis de construire. La cr\u00e9ation de la ZPPAU par la loi Malraux en 1983 sera un tournant marquant qui introduit la notion de secteur sauvegard\u00e9. Son objectif : sauvegarder les centres anciens tous en les adaptant aux besoins de la vie contemporaine. La prise en compte du paysage comme \u00e9l\u00e9ment \u00e0 prot\u00e9ger se concr\u00e9tisera avec la cr\u00e9ation de la ZPPAUP (Zone de Protection du Patrimoine Architectural, Urbain et Paysager) qui \u00e9voluera plus tard en AVAP (Aire de Valorisation de l\u2019Architecture et du Patrimoine) <\/span><span style=\"color: #000000;\">(Ollivier &amp; Agence Hemis, Ibid.)<\/span><span style=\"color: #000000;\">. Avec la ratification de la France trois ans apr\u00e8s la convention de 2003 de l\u2019UNESCO sur le Patrimoine Culturel Immat\u00e9riel, un regard nouveau sera port\u00e9 sur la dimension non solide, non physique du patrimoine. Plusieurs coutumes, expressions ou m\u00e9tiers feront donc leur apparition dans la grande famille des Patrimoines comme les savoir-faire de la m\u00e9canique horlog\u00e8re, ou encore la vannerie du vacoa.<\/span><\/h5>\t\t\t\t\t\t\t\t<\/div>\n\t\t\t\t<\/div>\n\t\t\t\t\t<\/div>\n\t\t<\/div>\n\t\t\t\t\t<\/div>\n\t\t<\/section>\n\t\t\t\t<section class=\"elementor-section elementor-top-section elementor-element elementor-element-59ec1c1 elementor-section-boxed elementor-section-height-default elementor-section-height-default\" data-id=\"59ec1c1\" data-element_type=\"section\">\n\t\t\t\t\t\t<div class=\"elementor-container elementor-column-gap-default\">\n\t\t\t\t\t<div class=\"elementor-column elementor-col-100 elementor-top-column elementor-element elementor-element-1c3b506\" data-id=\"1c3b506\" data-element_type=\"column\">\n\t\t\t<div class=\"elementor-widget-wrap elementor-element-populated\">\n\t\t\t\t\t\t<div class=\"elementor-element elementor-element-c63a1f0 elementor-widget elementor-widget-image\" data-id=\"c63a1f0\" data-element_type=\"widget\" data-widget_type=\"image.default\">\n\t\t\t\t<div class=\"elementor-widget-container\">\n\t\t\t\t\t\t\t\t\t\t\t\t<figure class=\"wp-caption\">\n\t\t\t\t\t\t\t\t\t\t<img fetchpriority=\"high\" decoding=\"async\" width=\"1024\" height=\"701\" src=\"https:\/\/www.cafearchi.fr\/wp-content\/uploads\/2021\/06\/mont-saint-michel-2489345_1920-1024x701.jpg\" class=\"attachment-large size-large wp-image-282\" alt=\"\" srcset=\"https:\/\/www.cafearchi.fr\/wp-content\/uploads\/2021\/06\/mont-saint-michel-2489345_1920-1024x701.jpg 1024w, https:\/\/www.cafearchi.fr\/wp-content\/uploads\/2021\/06\/mont-saint-michel-2489345_1920-300x205.jpg 300w, https:\/\/www.cafearchi.fr\/wp-content\/uploads\/2021\/06\/mont-saint-michel-2489345_1920-768x526.jpg 768w, https:\/\/www.cafearchi.fr\/wp-content\/uploads\/2021\/06\/mont-saint-michel-2489345_1920-1536x1051.jpg 1536w, https:\/\/www.cafearchi.fr\/wp-content\/uploads\/2021\/06\/mont-saint-michel-2489345_1920.jpg 1920w\" sizes=\"(max-width: 1024px) 100vw, 1024px\" \/>\t\t\t\t\t\t\t\t\t\t\t<figcaption class=\"widget-image-caption wp-caption-text\">Mont Saint Michel et sa baie inscrits au patrimoine mondial de l'UNESCO - Image par <a href=\"https:\/\/pixabay.com\/fr\/users\/ridoe-2990108\/?utm_source=link-attribution&amp;utm_medium=referral&amp;utm_campaign=image&amp;utm_content=2489345\">Ridoe<\/a> de <a href=\"https:\/\/pixabay.com\/fr\/?utm_source=link-attribution&amp;utm_medium=referral&amp;utm_campaign=image&amp;utm_content=2489345\">Pixabay<\/a><\/figcaption>\n\t\t\t\t\t\t\t\t\t\t<\/figure>\n\t\t\t\t\t\t\t\t\t<\/div>\n\t\t\t\t<\/div>\n\t\t\t\t\t<\/div>\n\t\t<\/div>\n\t\t\t\t\t<\/div>\n\t\t<\/section>\n\t\t\t\t<section class=\"elementor-section elementor-top-section elementor-element elementor-element-6998399 elementor-section-boxed elementor-section-height-default elementor-section-height-default\" data-id=\"6998399\" data-element_type=\"section\">\n\t\t\t\t\t\t<div class=\"elementor-container elementor-column-gap-default\">\n\t\t\t\t\t<div class=\"elementor-column elementor-col-100 elementor-top-column elementor-element elementor-element-11bd241\" data-id=\"11bd241\" data-element_type=\"column\">\n\t\t\t<div class=\"elementor-widget-wrap elementor-element-populated\">\n\t\t\t\t\t\t<div class=\"elementor-element elementor-element-b39b3b9 elementor-widget elementor-widget-text-editor\" data-id=\"b39b3b9\" data-element_type=\"widget\" data-widget_type=\"text-editor.default\">\n\t\t\t\t<div class=\"elementor-widget-container\">\n\t\t\t\t\t\t\t\t\t<h4 style=\"padding-left: 40px;\"><strong><span style=\"color: #000000;\">2. D\u00e9finitions et enjeux<\/span><\/strong><\/h4><h5><span style=\"color: #000000;\">L\u2019UNESCO, dans sa convention du 16 novembre 1972[1], d\u00e9finit\u00a0: \u00ab <em><span style=\"text-decoration: underline;\"><strong>le patrimoine est\u00a0l&rsquo;h\u00e9ritage du pass\u00e9 dont nous profitons aujourd&rsquo;hui et que nous transmettons aux g\u00e9n\u00e9rations \u00e0 venir. Nos\u00a0<a style=\"color: #000000; text-decoration: underline;\" href=\"https:\/\/fr.wikipedia.org\/wiki\/Patrimoine_culturel\">patrimoines culturel<\/a>\u00a0et\u00a0<a style=\"color: #000000; text-decoration: underline;\" href=\"https:\/\/fr.wikipedia.org\/wiki\/Patrimoine_naturel\">naturel<\/a>\u00a0sont deux sources irrempla\u00e7ables de vie et d&rsquo;inspiration<\/strong><\/span><\/em>.\u00a0\u00bb L\u2019institution distingue ainsi deux grandes cat\u00e9gories de patrimoines\u00a0: culturel et naturel. Le patrimoine culturel repr\u00e9sente les monuments, les ensembles et les sites ayant une valeur universelle exceptionnelle du point de vue historique, artistique, scientifique, esth\u00e9tique, ethnologique ou anthropologique (Planchet et al., 2018). Il faut noter que la notion de patrimoine culturel a fortement \u00e9volu\u00e9 avec la prise en compte du patrimoine culturel immat\u00e9riel (PCI) depuis la Convention pour la sauvegarde du PCI par la Conf\u00e9rence g\u00e9n\u00e9rale de l\u2019UNESCO en octobre 2003 (Bodolec, s.\u00a0d.). Le patrimoine culturel immat\u00e9riel d\u00e9signe \u00ab\u00a0les pratiques,\u00a0<a style=\"color: #000000;\" href=\"https:\/\/fr.wikipedia.org\/wiki\/Repr%C3%A9sentation\">repr\u00e9sentations<\/a>, expressions,\u00a0<a style=\"color: #000000;\" href=\"https:\/\/fr.wikipedia.org\/wiki\/Connaissance\">connaissances<\/a>\u00a0et savoir-faire \u2013 ainsi que les instruments, objets, artefacts et espaces culturels qui leur sont associ\u00e9s \u2013 que les communaut\u00e9s, les groupes et, le cas \u00e9ch\u00e9ant, les individus reconnaissent comme faisant partie de leur patrimoine culturel\u00a0\u00bb[2]. Le patrimoine naturel, quant \u00e0 lui, correspond aux monuments naturels, formations g\u00e9ologiques et physiographiques, sites naturels ou zones naturels strictement d\u00e9limit\u00e9es ayant une valeur universelle exceptionnelle du point de vue de l\u2019esth\u00e9tique, de la science, de la conservation ou de la beaut\u00e9 naturelle (Planchet et al., 2018).<\/span><\/h5><h5><span style=\"color: #000000;\">Les biens patrimoniaux \u00e9tant souvent tr\u00e8s anciens, et donc fragiles en g\u00e9n\u00e9ral, il est important de les pr\u00e9munir des d\u00e9gradations li\u00e9es aux temps, aux activit\u00e9s humaines et aux conflits arm\u00e9s. Le patrimoine repr\u00e9sente bien souvent un ancrage ou un bien identitaire \u00e0 travers lequel la communaut\u00e9 se d\u00e9finit, regarde son pass\u00e9 avec fiert\u00e9 pour orienter et d\u00e9finir son pr\u00e9sent et son futur. Le patrimoine est donc un h\u00e9ritage qui s\u2019accepte et devient un bien collectif \u00e0 entretenir. Il a donc une dimension sociale dans le sens o\u00f9 il f\u00e9d\u00e8re les peuples. C\u2019est aussi une source de connaissances, de savoir-faire et d\u2019inspiration intarissables pour la cr\u00e9ation contemporaine et les g\u00e9n\u00e9rations futures. En effet, quel que soit le domaine (sport, m\u00e9decine, construction, etc.), les avanc\u00e9es techniques et technologiques actuelles ne se sont-elles pas \u00e9rig\u00e9es sur des connaissances elles-m\u00eames valid\u00e9es par des exp\u00e9riences et pratiques anciennes, parfois centenaires ? Enfin le patrimoine contribue au renforcement de l\u2019\u00e9conomie locale. Le tourisme patrimonial g\u00e9n\u00e8re annuellement en France 15 milliards d\u2019euros de retomb\u00e9es \u00e9conomiques[3] (Direction g\u00e9n\u00e9rale des patrimoines et al., 2018). C\u2019est donc un levier \u00e9conomique important tant pour la pr\u00e9servation du patrimoine que pour le d\u00e9veloppement \u00e9conomique de la communaut\u00e9.<\/span><\/h5><h5><span style=\"color: #000000;\"><a style=\"color: #000000;\" href=\"#_ftnref1\" name=\"_ftn1\"><\/a><\/span><\/h5>\t\t\t\t\t\t\t\t<\/div>\n\t\t\t\t<\/div>\n\t\t\t\t\t<\/div>\n\t\t<\/div>\n\t\t\t\t\t<\/div>\n\t\t<\/section>\n\t\t\t\t<section class=\"elementor-section elementor-top-section elementor-element elementor-element-8f06060 elementor-section-boxed elementor-section-height-default elementor-section-height-default\" data-id=\"8f06060\" data-element_type=\"section\">\n\t\t\t\t\t\t<div class=\"elementor-container elementor-column-gap-default\">\n\t\t\t\t\t<div class=\"elementor-column elementor-col-100 elementor-top-column elementor-element elementor-element-cc9ee2d\" data-id=\"cc9ee2d\" data-element_type=\"column\">\n\t\t\t<div class=\"elementor-widget-wrap elementor-element-populated\">\n\t\t\t\t\t\t<div class=\"elementor-element elementor-element-8e4f839 elementor-widget elementor-widget-image\" data-id=\"8e4f839\" data-element_type=\"widget\" data-widget_type=\"image.default\">\n\t\t\t\t<div class=\"elementor-widget-container\">\n\t\t\t\t\t\t\t\t\t\t\t\t<figure class=\"wp-caption\">\n\t\t\t\t\t\t\t\t\t\t<img decoding=\"async\" width=\"1024\" height=\"682\" src=\"https:\/\/www.cafearchi.fr\/wp-content\/uploads\/2021\/06\/mountaineering-2124113_1920-1024x682.jpg\" class=\"attachment-large size-large wp-image-287\" alt=\"\" srcset=\"https:\/\/www.cafearchi.fr\/wp-content\/uploads\/2021\/06\/mountaineering-2124113_1920-1024x682.jpg 1024w, https:\/\/www.cafearchi.fr\/wp-content\/uploads\/2021\/06\/mountaineering-2124113_1920-300x200.jpg 300w, https:\/\/www.cafearchi.fr\/wp-content\/uploads\/2021\/06\/mountaineering-2124113_1920-768x512.jpg 768w, https:\/\/www.cafearchi.fr\/wp-content\/uploads\/2021\/06\/mountaineering-2124113_1920-1536x1023.jpg 1536w, https:\/\/www.cafearchi.fr\/wp-content\/uploads\/2021\/06\/mountaineering-2124113_1920-700x465.jpg 700w, https:\/\/www.cafearchi.fr\/wp-content\/uploads\/2021\/06\/mountaineering-2124113_1920.jpg 1920w\" sizes=\"(max-width: 1024px) 100vw, 1024px\" \/>\t\t\t\t\t\t\t\t\t\t\t<figcaption class=\"widget-image-caption wp-caption-text\">Alpinisme, patrimoine culturel immat\u00e9riel (France, Italie, Suisse) - Image par <a href=\"https:\/\/pixabay.com\/fr\/users\/kanenori-4749850\/?utm_source=link-attribution&amp;utm_medium=referral&amp;utm_campaign=image&amp;utm_content=2124113\">Kanenori<\/a> de <a href=\"https:\/\/pixabay.com\/fr\/?utm_source=link-attribution&amp;utm_medium=referral&amp;utm_campaign=image&amp;utm_content=2124113\">Pixabay<\/a><\/figcaption>\n\t\t\t\t\t\t\t\t\t\t<\/figure>\n\t\t\t\t\t\t\t\t\t<\/div>\n\t\t\t\t<\/div>\n\t\t\t\t\t<\/div>\n\t\t<\/div>\n\t\t\t\t\t<\/div>\n\t\t<\/section>\n\t\t\t\t<section class=\"elementor-section elementor-top-section elementor-element elementor-element-ee42ee5 elementor-section-boxed elementor-section-height-default elementor-section-height-default\" data-id=\"ee42ee5\" data-element_type=\"section\">\n\t\t\t\t\t\t<div class=\"elementor-container elementor-column-gap-default\">\n\t\t\t\t\t<div class=\"elementor-column elementor-col-100 elementor-top-column elementor-element elementor-element-574cbfb\" data-id=\"574cbfb\" data-element_type=\"column\">\n\t\t\t<div class=\"elementor-widget-wrap elementor-element-populated\">\n\t\t\t\t\t\t<div class=\"elementor-element elementor-element-8483887 elementor-widget elementor-widget-text-editor\" data-id=\"8483887\" data-element_type=\"widget\" data-widget_type=\"text-editor.default\">\n\t\t\t\t<div class=\"elementor-widget-container\">\n\t\t\t\t\t\t\t\t\t<h4 style=\"padding-left: 40px;\"><strong><span style=\"color: #000000;\">3. Prot\u00e9ger un patrimoine<\/span><\/strong><\/h4><h5><span style=\"color: #000000;\">Le souci de la pr\u00e9servation du patrimoine s\u2019est de plus en plus intensifi\u00e9 durant la fin du si\u00e8cle dernier. Apr\u00e8s plusieurs ann\u00e9es d\u2019opposition d\u2019id\u00e9es durant le XIXe si\u00e8cle entre ceux qui d\u00e9fendaient le principe d\u2019une non intervention ou de l\u2019intervention au strict minimum sur le patrimoine d\u2019une part (Rodin, Ruskin, M\u00e9rim\u00e9e), et ceux qui pr\u00e9conisaient la sauvegarde par intervention sur l\u2019existant d\u2019autre part (Viollet-Le-Duc), presque tout le monde s\u2019accorde aujourd\u2019hui sur le fait qu\u2019il faille analyser au cas par cas la culture et le contexte du lieu afin de d\u00e9finir le mode d\u2019intervention judicieux selon le patrimoine consid\u00e9r\u00e9 (Berndt et al., 2017). Un patrimoine peut donc \u00eatre <em><span style=\"text-decoration: underline;\"><strong>conserv\u00e9, entretenu, restaur\u00e9, transform\u00e9 ou r\u00e9nov\u00e9<\/strong><\/span><\/em>.<\/span><\/h5><h5><span style=\"color: #000000;\">Plusieurs strat\u00e9gies et outils sont mis en place par chaque pays, pour pr\u00e9server et mettre en valeur son patrimoine En suisse par exemple, le plan de zones ou plan d\u2019affectation est un outils qui permet entre autres la d\u00e9finition de \u00ab zones prot\u00e9g\u00e9es sur des p\u00e9rim\u00e8tres ou ensembles ayant une valeur digne de protection \u00bb (Berndt et al., 2017). En France, l\u2019AVAP cr\u00e9\u00e9e par la loi Grenelle II (2010) qui est une \u00e9volution de la ZPPAUP vise la valorisation du patrimoine b\u00e2ti et des espaces tout en prenant en compte les enjeux de d\u00e9veloppement durable. Sans \u00eatre exhaustif on peut \u00e9galement citer le Secteur Sauvegard\u00e9, le PNRQAD (Programme National de Requalification des Quartiers Anciens D\u00e9grad\u00e9), le PSMV (Plan de Sauvegarde et de Mise en Valeur), etc.<\/span><\/h5>\t\t\t\t\t\t\t\t<\/div>\n\t\t\t\t<\/div>\n\t\t\t\t\t<\/div>\n\t\t<\/div>\n\t\t\t\t\t<\/div>\n\t\t<\/section>\n\t\t\t\t<section class=\"elementor-section elementor-top-section elementor-element elementor-element-a03e9ca elementor-section-boxed elementor-section-height-default elementor-section-height-default\" data-id=\"a03e9ca\" data-element_type=\"section\">\n\t\t\t\t\t\t<div class=\"elementor-container elementor-column-gap-default\">\n\t\t\t\t\t<div class=\"elementor-column elementor-col-100 elementor-top-column elementor-element elementor-element-a226364\" data-id=\"a226364\" data-element_type=\"column\">\n\t\t\t<div class=\"elementor-widget-wrap elementor-element-populated\">\n\t\t\t\t\t\t<div class=\"elementor-element elementor-element-46a5948 elementor-widget elementor-widget-image\" data-id=\"46a5948\" data-element_type=\"widget\" data-widget_type=\"image.default\">\n\t\t\t\t<div class=\"elementor-widget-container\">\n\t\t\t\t\t\t\t\t\t\t\t\t<figure class=\"wp-caption\">\n\t\t\t\t\t\t\t\t\t\t<img decoding=\"async\" width=\"1024\" height=\"768\" src=\"https:\/\/www.cafearchi.fr\/wp-content\/uploads\/2021\/06\/mosque-436241_1920-1024x768.jpg\" class=\"attachment-large size-large wp-image-286\" alt=\"\" srcset=\"https:\/\/www.cafearchi.fr\/wp-content\/uploads\/2021\/06\/mosque-436241_1920-1024x768.jpg 1024w, https:\/\/www.cafearchi.fr\/wp-content\/uploads\/2021\/06\/mosque-436241_1920-300x225.jpg 300w, https:\/\/www.cafearchi.fr\/wp-content\/uploads\/2021\/06\/mosque-436241_1920-768x576.jpg 768w, https:\/\/www.cafearchi.fr\/wp-content\/uploads\/2021\/06\/mosque-436241_1920-1536x1152.jpg 1536w, https:\/\/www.cafearchi.fr\/wp-content\/uploads\/2021\/06\/mosque-436241_1920.jpg 1920w\" sizes=\"(max-width: 1024px) 100vw, 1024px\" \/>\t\t\t\t\t\t\t\t\t\t\t<figcaption class=\"widget-image-caption wp-caption-text\">mosqu\u00e9e de style \ntraditionnelle au Mali Image par <a href=\"https:\/\/pixabay.com\/fr\/users\/kibi86-422731\/?utm_source=link-attribution&amp;utm_medium=referral&amp;utm_campaign=image&amp;utm_content=436241\">Stefania Buletti<\/a> de <a href=\"https:\/\/pixabay.com\/fr\/?utm_source=link-attribution&amp;utm_medium=referral&amp;utm_campaign=image&amp;utm_content=436241\">Pixabay<\/a><\/figcaption>\n\t\t\t\t\t\t\t\t\t\t<\/figure>\n\t\t\t\t\t\t\t\t\t<\/div>\n\t\t\t\t<\/div>\n\t\t\t\t\t<\/div>\n\t\t<\/div>\n\t\t\t\t\t<\/div>\n\t\t<\/section>\n\t\t\t\t<section class=\"elementor-section elementor-top-section elementor-element elementor-element-dc09391 elementor-section-boxed elementor-section-height-default elementor-section-height-default\" data-id=\"dc09391\" data-element_type=\"section\">\n\t\t\t\t\t\t<div class=\"elementor-container elementor-column-gap-default\">\n\t\t\t\t\t<div class=\"elementor-column elementor-col-100 elementor-top-column elementor-element elementor-element-19dd017\" data-id=\"19dd017\" data-element_type=\"column\">\n\t\t\t<div class=\"elementor-widget-wrap elementor-element-populated\">\n\t\t\t\t\t\t<div class=\"elementor-element elementor-element-39ddadf elementor-widget elementor-widget-text-editor\" data-id=\"39ddadf\" data-element_type=\"widget\" data-widget_type=\"text-editor.default\">\n\t\t\t\t<div class=\"elementor-widget-container\">\n\t\t\t\t\t\t\t\t\t<h5><span style=\"color: #000000;\">Pour conclure, le patrimoine est un bien commun h\u00e9rit\u00e9 dans g\u00e9n\u00e9rations ant\u00e9rieures. Il peut \u00eatre physique avec des \u00e9l\u00e9ments mat\u00e9riels tels quels des b\u00e2timents ou des for\u00eats, ou intangible dans le cas par exemple des rites, des danses ou des m\u00e9tiers transmis de g\u00e9n\u00e9ration en g\u00e9n\u00e9ration. Il est important de reconna\u00eetre et d\u2019entretenir le patrimoine car il rev\u00eat des dimensions sociale et \u00e9conomique, en plus d\u2019\u00eatre une source d\u2019inspiration et d\u2019apprentissage pour les g\u00e9n\u00e9rations \u00e0 venir. Chaque communaut\u00e9 d\u00e9tentrice d\u2019un patrimoine met donc en \u0153uvre avec les recommandations de l\u2019UNESCO les outils et moyens n\u00e9cessaires pour sa pr\u00e9servation.<\/span><\/h5>\t\t\t\t\t\t\t\t<\/div>\n\t\t\t\t<\/div>\n\t\t\t\t\t<\/div>\n\t\t<\/div>\n\t\t\t\t\t<\/div>\n\t\t<\/section>\n\t\t\t\t<section class=\"elementor-section elementor-top-section elementor-element elementor-element-fded245 elementor-section-boxed elementor-section-height-default elementor-section-height-default\" data-id=\"fded245\" data-element_type=\"section\">\n\t\t\t\t\t\t<div class=\"elementor-container elementor-column-gap-default\">\n\t\t\t\t\t<div class=\"elementor-column elementor-col-100 elementor-top-column elementor-element elementor-element-a68c42c\" data-id=\"a68c42c\" data-element_type=\"column\">\n\t\t\t<div class=\"elementor-widget-wrap elementor-element-populated\">\n\t\t\t\t\t\t<div class=\"elementor-element elementor-element-36062ed elementor-widget-divider--view-line elementor-widget elementor-widget-divider\" data-id=\"36062ed\" data-element_type=\"widget\" data-widget_type=\"divider.default\">\n\t\t\t\t<div class=\"elementor-widget-container\">\n\t\t\t\t\t\t\t<div class=\"elementor-divider\">\n\t\t\t<span class=\"elementor-divider-separator\">\n\t\t\t\t\t\t<\/span>\n\t\t<\/div>\n\t\t\t\t\t\t<\/div>\n\t\t\t\t<\/div>\n\t\t\t\t\t<\/div>\n\t\t<\/div>\n\t\t\t\t\t<\/div>\n\t\t<\/section>\n\t\t\t\t<section class=\"elementor-section elementor-top-section elementor-element elementor-element-82568a2 elementor-section-boxed elementor-section-height-default elementor-section-height-default\" data-id=\"82568a2\" data-element_type=\"section\">\n\t\t\t\t\t\t<div class=\"elementor-container elementor-column-gap-default\">\n\t\t\t\t\t<div class=\"elementor-column elementor-col-100 elementor-top-column elementor-element elementor-element-4b1719f\" data-id=\"4b1719f\" data-element_type=\"column\">\n\t\t\t<div class=\"elementor-widget-wrap elementor-element-populated\">\n\t\t\t\t\t\t<div class=\"elementor-element elementor-element-7d78c76 animated-slow elementor-invisible elementor-widget elementor-widget-text-editor\" data-id=\"7d78c76\" data-element_type=\"widget\" data-settings=\"{&quot;_animation&quot;:&quot;fadeIn&quot;}\" data-widget_type=\"text-editor.default\">\n\t\t\t\t<div class=\"elementor-widget-container\">\n\t\t\t\t\t\t\t\t\t<h5><span style=\"color: #000000;\"><strong>R\u00e9f\u00e9rences<\/strong><\/span><\/h5><h6><span style=\"color: #808080;\">Berndt, D., Rinquet, L., &amp; Joss, F. (2017). <em>Le management du projet de construction<\/em> (Presses Polytechniques Romandes). 530 p.<\/span><\/h6><h6><span style=\"color: #808080;\">Bodolec, C. (s.\u00a0d.). <em>Le patrimoine culturel immat\u00e9riel\u202f: Enjeux quotidiens et internationaux<\/em>. 10 p.<\/span><\/h6><h6><span style=\"color: #808080;\">Direction g\u00e9n\u00e9rale des patrimoines, Groupe Caisse des d\u00e9p\u00f4ts (France), &amp; Direction g\u00e9n\u00e9rale des entreprises (2014- &#8230;). (2018). <em>Valorisation touristique des monuments historiques<\/em>. DGE. 20 p.<\/span><\/h6><h6><span style=\"color: #808080;\">Ollivier, P. &amp; Agence Hemis. (2013). <em>Patrimoines, l\u2019histoire en mouvement<\/em>. Privat. 320 p.<\/span><\/h6><h6><span style=\"color: #808080;\">Planchet, P., Goujon, Y., Cruchon, J., &amp; Jacq-Moreau, S. (2018). <em>Code pratique du patrimoine et de l\u2019intervention sur le b\u00e2ti existant<\/em>. 780 p.<\/span><\/h6><h6><span style=\"color: #808080;\">[1] Convention concernant la protection du patrimoine culturel et naturel, Unesco, Paris, 16 novembre 1972.<\/span><\/h6><h6><span style=\"color: #808080;\">[2] <a style=\"color: #808080;\" href=\"https:\/\/fr.wikipedia.org\/wiki\/Convention_pour_la_sauvegarde_du_patrimoine_culturel_immat%C3%A9riel\">Convention pour la sauvegarde du patrimoine culturel immat\u00e9riel<\/a>\u00a0adopt\u00e9e par l&rsquo;<a style=\"color: #808080;\" href=\"https:\/\/fr.wikipedia.org\/wiki\/Organisation_des_Nations_unies_pour_l%27%C3%A9ducation,_la_science_et_la_culture\">UNESCO<\/a>\u00a0en 2003<\/span><\/h6><h6><span style=\"color: #808080;\">[3] Agence R\u00e9gionale du Patrimoine PACA, \u00c9tude nationale des retomb\u00e9es \u00e9conomiques et sociales du patrimoine, 2009.<\/span><\/h6><h5 style=\"padding-left: 40px;\"><span style=\"color: #000000;\"><strong>Images<\/strong><\/span><\/h5><p>Stonehenge &#8211; Image par Wallula de Pixabay<\/p><p>Mont Saint Michel et sa baie inscrits au patrimoine mondial de l&rsquo;UNESCO &#8211; Image pa<span style=\"color: #808080;\">r\u00a0<a style=\"color: #808080;\" href=\"https:\/\/pixabay.com\/fr\/users\/ridoe-2990108\/?utm_source=link-attribution&amp;utm_medium=referral&amp;utm_campaign=image&amp;utm_content=2489345\">Ridoe<\/a>\u00a0de\u00a0<a style=\"color: #808080;\" href=\"https:\/\/pixabay.com\/fr\/?utm_source=link-attribution&amp;utm_medium=referral&amp;utm_campaign=image&amp;utm_content=2489345\">Pixabay<\/a><\/span>\u00a0<\/p><p>Alpinisme, patrimoine culturel immat\u00e9riel (France, Italie, Suisse) &#8211; Image par<span style=\"color: #808080;\">\u00a0<a style=\"color: #808080;\" href=\"https:\/\/pixabay.com\/fr\/users\/kanenori-4749850\/?utm_source=link-attribution&amp;utm_medium=referral&amp;utm_campaign=image&amp;utm_content=2124113\">Kanenori<\/a>\u00a0de\u00a0<a style=\"color: #808080;\" href=\"https:\/\/pixabay.com\/fr\/?utm_source=link-attribution&amp;utm_medium=referral&amp;utm_campaign=image&amp;utm_content=2124113\">Pixabay<\/a>\u00a0<\/span><\/p><p>Mosqu\u00e9e de style traditionnelle au Mali &#8211; Image par\u00a0<span style=\"color: #808080;\"><a style=\"color: #808080;\" href=\"https:\/\/pixabay.com\/fr\/users\/kibi86-422731\/?utm_source=link-attribution&amp;utm_medium=referral&amp;utm_campaign=image&amp;utm_content=436241\">Stefania Buletti<\/a>\u00a0de\u00a0<a style=\"color: #808080;\" href=\"https:\/\/pixabay.com\/fr\/?utm_source=link-attribution&amp;utm_medium=referral&amp;utm_campaign=image&amp;utm_content=436241\">Pixabay<\/a>\u00a0<\/span><\/p>\t\t\t\t\t\t\t\t<\/div>\n\t\t\t\t<\/div>\n\t\t\t\t\t<\/div>\n\t\t<\/div>\n\t\t\t\t\t<\/div>\n\t\t<\/section>\n\t\t\t\t<\/div>\n\t\t","protected":false},"excerpt":{"rendered":"<p>Des pyramides de Gizeh en Egypte \u00e0 la grande moqu\u00e9e de Djenn\u00e9 au Mali, la liste des \u00e9difices anciens remarquables attitrant des milliers de touristes &hellip; <\/p>\n","protected":false},"author":1,"featured_media":266,"comment_status":"open","ping_status":"open","sticky":false,"template":"","format":"standard","meta":{"footnotes":""},"categories":[5],"tags":[],"class_list":["post-264","post","type-post","status-publish","format-standard","has-post-thumbnail","hentry","category-patrimoine"],"_links":{"self":[{"href":"https:\/\/www.cafearchi.fr\/index.php?rest_route=\/wp\/v2\/posts\/264","targetHints":{"allow":["GET"]}}],"collection":[{"href":"https:\/\/www.cafearchi.fr\/index.php?rest_route=\/wp\/v2\/posts"}],"about":[{"href":"https:\/\/www.cafearchi.fr\/index.php?rest_route=\/wp\/v2\/types\/post"}],"author":[{"embeddable":true,"href":"https:\/\/www.cafearchi.fr\/index.php?rest_route=\/wp\/v2\/users\/1"}],"replies":[{"embeddable":true,"href":"https:\/\/www.cafearchi.fr\/index.php?rest_route=%2Fwp%2Fv2%2Fcomments&post=264"}],"version-history":[{"count":57,"href":"https:\/\/www.cafearchi.fr\/index.php?rest_route=\/wp\/v2\/posts\/264\/revisions"}],"predecessor-version":[{"id":341,"href":"https:\/\/www.cafearchi.fr\/index.php?rest_route=\/wp\/v2\/posts\/264\/revisions\/341"}],"wp:featuredmedia":[{"embeddable":true,"href":"https:\/\/www.cafearchi.fr\/index.php?rest_route=\/wp\/v2\/media\/266"}],"wp:attachment":[{"href":"https:\/\/www.cafearchi.fr\/index.php?rest_route=%2Fwp%2Fv2%2Fmedia&parent=264"}],"wp:term":[{"taxonomy":"category","embeddable":true,"href":"https:\/\/www.cafearchi.fr\/index.php?rest_route=%2Fwp%2Fv2%2Fcategories&post=264"},{"taxonomy":"post_tag","embeddable":true,"href":"https:\/\/www.cafearchi.fr\/index.php?rest_route=%2Fwp%2Fv2%2Ftags&post=264"}],"curies":[{"name":"wp","href":"https:\/\/api.w.org\/{rel}","templated":true}]}}