{"id":111,"date":"2021-04-02T04:23:39","date_gmt":"2021-04-02T04:23:39","guid":{"rendered":"https:\/\/www.cafearchi.fr\/?p=111"},"modified":"2025-05-02T08:57:57","modified_gmt":"2025-05-02T08:57:57","slug":"elementor-111","status":"publish","type":"post","link":"https:\/\/www.cafearchi.fr\/?p=111","title":{"rendered":"5 Crit\u00e8res pour reconna\u00eetre une architecture contemporaine"},"content":{"rendered":"\t\t<div data-elementor-type=\"wp-post\" data-elementor-id=\"111\" class=\"elementor elementor-111\">\n\t\t\t\t\t\t<section class=\"elementor-section elementor-top-section elementor-element elementor-element-974b64e elementor-section-boxed elementor-section-height-default elementor-section-height-default\" data-id=\"974b64e\" data-element_type=\"section\">\n\t\t\t\t\t\t<div class=\"elementor-container elementor-column-gap-default\">\n\t\t\t\t\t<div class=\"elementor-column elementor-col-100 elementor-top-column elementor-element elementor-element-8673a86\" data-id=\"8673a86\" data-element_type=\"column\">\n\t\t\t<div class=\"elementor-widget-wrap elementor-element-populated\">\n\t\t\t\t\t\t<div class=\"elementor-element elementor-element-ce0dbfb elementor-widget elementor-widget-spacer\" data-id=\"ce0dbfb\" data-element_type=\"widget\" data-widget_type=\"spacer.default\">\n\t\t\t\t<div class=\"elementor-widget-container\">\n\t\t\t\t\t\t\t<div class=\"elementor-spacer\">\n\t\t\t<div class=\"elementor-spacer-inner\"><\/div>\n\t\t<\/div>\n\t\t\t\t\t\t<\/div>\n\t\t\t\t<\/div>\n\t\t\t\t\t<\/div>\n\t\t<\/div>\n\t\t\t\t\t<\/div>\n\t\t<\/section>\n\t\t\t\t<section class=\"elementor-section elementor-top-section elementor-element elementor-element-301ec8ca elementor-section-boxed elementor-section-height-default elementor-section-height-default\" data-id=\"301ec8ca\" data-element_type=\"section\">\n\t\t\t\t\t\t<div class=\"elementor-container elementor-column-gap-default\">\n\t\t\t\t\t<div class=\"elementor-column elementor-col-100 elementor-top-column elementor-element elementor-element-2e15a8fc\" data-id=\"2e15a8fc\" data-element_type=\"column\">\n\t\t\t<div class=\"elementor-widget-wrap elementor-element-populated\">\n\t\t\t\t\t\t<div class=\"elementor-element elementor-element-37a73a83 elementor-widget elementor-widget-spacer\" data-id=\"37a73a83\" data-element_type=\"widget\" data-widget_type=\"spacer.default\">\n\t\t\t\t<div class=\"elementor-widget-container\">\n\t\t\t\t\t\t\t<div class=\"elementor-spacer\">\n\t\t\t<div class=\"elementor-spacer-inner\"><\/div>\n\t\t<\/div>\n\t\t\t\t\t\t<\/div>\n\t\t\t\t<\/div>\n\t\t\t\t<div class=\"elementor-element elementor-element-52eb4b1b elementor-widget elementor-widget-text-editor\" data-id=\"52eb4b1b\" data-element_type=\"widget\" data-widget_type=\"text-editor.default\">\n\t\t\t\t<div class=\"elementor-widget-container\">\n\t\t\t\t\t\t\t\t\t<p style=\"text-align: justify;\"><span style=\"background-color: var(--global--color-background);\">Le terme d\u2019architecture contemporaine est aujourd\u2019hui tr\u00e8s \u00e0 la mode pour d\u00e9signer une construction que l\u2019on aime bien, qui nous fait vibrer d\u2019une certaine mani\u00e8re quand on la regarde. On a tous pouss\u00e9 un <\/span><i style=\"background-color: var(--global--color-background);\">Waoo\u00a0<\/i><span style=\"background-color: var(--global--color-background);\">en face d\u2019une \u0153uvre de Calatrava comme l\u2019a\u00e9roport de Saint Exup\u00e9ry \u00e0 Lyon, ou \u00e9t\u00e9 \u00e9merveill\u00e9 apr\u00e8s avoir vu le projet de village op\u00e9ra de Francis K\u00e9r\u00e9 au Burkina Faso. Qu\u2019ont en commun ces chefs d\u2019\u0153uvre architecturaux\u00a0? S\u2019ils nous fascinent, sont-ils pour autant contemporains\u00a0? <\/span><span style=\"background-color: var(--global--color-background);\">Qu\u2019est ce qui permet de d\u00e9terminer la contemporan\u00e9it\u00e9 d\u2019une construction\u00a0? Je vais vous donner 5 crit\u00e8res qui vont vous permettre \u00e0 coup s\u00fbr de reconna\u00eetre une architecture contemporaine.<\/span><\/p>\t\t\t\t\t\t\t\t<\/div>\n\t\t\t\t<\/div>\n\t\t\t\t<div class=\"elementor-element elementor-element-5f532495 elementor-widget elementor-widget-text-editor\" data-id=\"5f532495\" data-element_type=\"widget\" data-widget_type=\"text-editor.default\">\n\t\t\t\t<div class=\"elementor-widget-container\">\n\t\t\t\t\t\t\t\t\t<p class=\"MsoListParagraph\" style=\"text-align: justify; text-indent: -18.0pt; mso-list: l0 level1 lfo1;\"><!-- [if !supportLists]--><b><span style=\"mso-bidi-font-size: 12.0pt; line-height: 107%; mso-fareast-font-family: 'Times New Roman'; mso-bidi-font-family: 'Times New Roman';\">1.<span style=\"font-variant-numeric: normal; font-variant-east-asian: normal; font-stretch: normal; font-size: 7pt; line-height: normal; font-family: 'Times New Roman';\">\u00a0\u00a0\u00a0\u00a0 <\/span><\/span><!--[endif]--><span style=\"mso-bidi-font-size: 12.0pt; line-height: 107%;\">La p\u00e9riode de construction<\/span><\/b><\/p><p class=\"MsoNormal\" style=\"text-align: justify;\"><span style=\"mso-bidi-font-size: 12.0pt; line-height: 107%;\">Litt\u00e9ralement, <i>contemporain<\/i> signifie <i>des temps pr\u00e9sents<\/i>, <i>actuel<\/i>. Est donc contemporain tout ce qui est de notre \u00e9poque. Mais cette \u00e9poque a bien un d\u00e9but qui ne fait pas l\u2019unanimit\u00e9 dans le monde. En France, le d\u00e9but de la p\u00e9riode contemporaine co\u00efncide avec les d\u00e9buts de la r\u00e9volution en 1789, tandis que chez les anglo-saxons, parler de contemporan\u00e9it\u00e9 revient \u00e0 s\u2019int\u00e9resser aux soixante \u00e0 quatre-vingt derni\u00e8res ann\u00e9es qui pr\u00e9c\u00e8dent le jour d&rsquo;aujourd\u2019hui. Conna\u00eetre la p\u00e9riode de construction est un premier pas, mais cela ne suffit pas. D\u2019ailleurs, si c\u2019\u00e9tait le cas, on qualifierait syst\u00e9matiquement toutes les constructions d\u2019aujourd\u2019hui de b\u00e2timents contemporains.<\/span><\/p><p class=\"MsoNormal\" style=\"text-align: justify;\"><span style=\"mso-bidi-font-size: 12.0pt; line-height: 107%;\">\u00a0<\/span><\/p><p class=\"MsoListParagraph\" style=\"text-align: justify; text-indent: -18.0pt; mso-list: l0 level1 lfo1;\"><!-- [if !supportLists]--><b><span style=\"mso-bidi-font-size: 12.0pt; line-height: 107%; mso-fareast-font-family: 'Times New Roman'; mso-bidi-font-family: 'Times New Roman';\">2.<span style=\"font-variant-numeric: normal; font-variant-east-asian: normal; font-stretch: normal; font-size: 7pt; line-height: normal; font-family: 'Times New Roman';\">\u00a0\u00a0\u00a0\u00a0 <\/span><\/span><!--[endif]--><span style=\"mso-bidi-font-size: 12.0pt; line-height: 107%;\">L\u2019esth\u00e9tique<\/span><\/b><\/p><p><span style=\"text-align: justify; background-color: var(--global--color-background);\">C\u2019est s\u00fbrement ce qui nous fait r\u00e9agir le plus promptement. On jugera plus facilement une \u0153uvre \u00e0 sa forme trop ronde ou trop carr\u00e9e, ses couleurs vives ou froides, son emprise trop imposante ou trop minimaliste. Bref la simple vue d\u2019un b\u00e2timent cr\u00e9era en nous des sensations qui nous feront aimer ou pas l\u2019\u0153uvre observ\u00e9e. Le Corbusier ne disait-il pas lui-m\u00eame que <\/span><i style=\"text-align: justify; background-color: var(--global--color-background);\">l\u2019architecture est le jeu magistral, correct et magnifique des masses r\u00e9unies dans la lumi\u00e8re<\/i><span style=\"text-align: justify; background-color: var(--global--color-background);\">. Cependant un probl\u00e8me se pose. La notion d\u2019esth\u00e9tique est souvent tr\u00e8s relative et une \u0153uvre jug\u00e9e belle par un tiers peu \u00eatre repoussante pour un autre. Cette d\u00e9finition corbus\u00e9enne de l\u2019architecture pr\u00e9sente donc des limites.<\/span><\/p>\t\t\t\t\t\t\t\t<\/div>\n\t\t\t\t<\/div>\n\t\t\t\t\t<\/div>\n\t\t<\/div>\n\t\t\t\t\t<\/div>\n\t\t<\/section>\n\t\t\t\t<section class=\"elementor-section elementor-top-section elementor-element elementor-element-4df40aff elementor-section-boxed elementor-section-height-default elementor-section-height-default\" data-id=\"4df40aff\" data-element_type=\"section\">\n\t\t\t\t\t\t<div class=\"elementor-container elementor-column-gap-no\">\n\t\t\t\t\t<div class=\"elementor-column elementor-col-100 elementor-top-column elementor-element elementor-element-794e49d8\" data-id=\"794e49d8\" data-element_type=\"column\">\n\t\t\t<div class=\"elementor-widget-wrap elementor-element-populated\">\n\t\t\t\t\t\t<div class=\"elementor-element elementor-element-61dc6d53 elementor-arrows-position-inside elementor-widget elementor-widget-image-carousel\" data-id=\"61dc6d53\" data-element_type=\"widget\" data-settings=\"{&quot;slides_to_show&quot;:&quot;1&quot;,&quot;navigation&quot;:&quot;arrows&quot;,&quot;autoplay&quot;:&quot;yes&quot;,&quot;pause_on_hover&quot;:&quot;yes&quot;,&quot;pause_on_interaction&quot;:&quot;yes&quot;,&quot;autoplay_speed&quot;:5000,&quot;infinite&quot;:&quot;yes&quot;,&quot;effect&quot;:&quot;slide&quot;,&quot;speed&quot;:500}\" data-widget_type=\"image-carousel.default\">\n\t\t\t\t<div class=\"elementor-widget-container\">\n\t\t\t\t\t\t\t<div class=\"elementor-image-carousel-wrapper swiper\" role=\"region\" aria-roledescription=\"carousel\" aria-label=\"Carrousel d\u2019images\" dir=\"ltr\">\n\t\t\t<div class=\"elementor-image-carousel swiper-wrapper\" aria-live=\"off\">\n\t\t\t\t\t\t\t\t<div class=\"swiper-slide\" role=\"group\" aria-roledescription=\"slide\" aria-label=\"1 sur 2\"><figure class=\"swiper-slide-inner\"><img decoding=\"async\" class=\"swiper-slide-image\" src=\"https:\/\/www.cafearchi.fr\/wp-content\/uploads\/2021\/04\/Musee-Guggenheim-bilbao-1568x882.jpg\" alt=\"Image par Ramon Perucho de Pixabay\" \/><figcaption class=\"elementor-image-carousel-caption\">Mus\u00e9e Guggenheim bilbao - \nImage par <a href=\"https:\/\/pixabay.com\/fr\/users\/rperucho-7689351\/?utm_source=link-attribution&amp;utm_medium=referral&amp;utm_campaign=image&amp;utm_content=3446935\">Ramon Perucho<\/a> de <a href=\"https:\/\/pixabay.com\/fr\/?utm_source=link-attribution&amp;utm_medium=referral&amp;utm_campaign=image&amp;utm_content=3446935\">Pixabay<\/a><\/figcaption><\/figure><\/div><div class=\"swiper-slide\" role=\"group\" aria-roledescription=\"slide\" aria-label=\"2 sur 2\"><figure class=\"swiper-slide-inner\"><img decoding=\"async\" class=\"swiper-slide-image\" src=\"https:\/\/www.cafearchi.fr\/wp-content\/uploads\/2021\/04\/Kere_Secondary_school-1568x1045.jpg\" alt=\"GandoIT, CC BY-SA 3.0 , via Wikimedia Commons\" \/><figcaption class=\"elementor-image-carousel-caption\">Lyc\u00e9e de Dano au Burkina Faso - GandoIT, CC BY-SA 3.0 , via Wikimedia Commons<\/figcaption><\/figure><\/div>\t\t\t<\/div>\n\t\t\t\t\t\t\t\t\t\t\t\t<div class=\"elementor-swiper-button elementor-swiper-button-prev\" role=\"button\" tabindex=\"0\">\n\t\t\t\t\t\t<i aria-hidden=\"true\" class=\"eicon-chevron-left\"><\/i>\t\t\t\t\t<\/div>\n\t\t\t\t\t<div class=\"elementor-swiper-button elementor-swiper-button-next\" role=\"button\" tabindex=\"0\">\n\t\t\t\t\t\t<i aria-hidden=\"true\" class=\"eicon-chevron-right\"><\/i>\t\t\t\t\t<\/div>\n\t\t\t\t\n\t\t\t\t\t\t\t\t\t<\/div>\n\t\t\t\t\t\t<\/div>\n\t\t\t\t<\/div>\n\t\t\t\t\t<\/div>\n\t\t<\/div>\n\t\t\t\t\t<\/div>\n\t\t<\/section>\n\t\t\t\t<section class=\"elementor-section elementor-top-section elementor-element elementor-element-1a427088 elementor-section-boxed elementor-section-height-default elementor-section-height-default\" data-id=\"1a427088\" data-element_type=\"section\">\n\t\t\t\t\t\t<div class=\"elementor-container elementor-column-gap-default\">\n\t\t\t\t\t<div class=\"elementor-column elementor-col-100 elementor-top-column elementor-element elementor-element-31a811a2\" data-id=\"31a811a2\" data-element_type=\"column\">\n\t\t\t<div class=\"elementor-widget-wrap elementor-element-populated\">\n\t\t\t\t\t\t<div class=\"elementor-element elementor-element-5ff1a7b elementor-widget elementor-widget-text-editor\" data-id=\"5ff1a7b\" data-element_type=\"widget\" data-widget_type=\"text-editor.default\">\n\t\t\t\t<div class=\"elementor-widget-container\">\n\t\t\t\t\t\t\t\t\t<p class=\"MsoListParagraph\" style=\"text-align: justify; text-indent: -18.0pt; mso-list: l0 level1 lfo1;\"><b><span style=\"mso-bidi-font-size: 12.0pt; line-height: 107%; mso-fareast-font-family: 'Times New Roman'; mso-bidi-font-family: 'Times New Roman';\">3.<span style=\"font-variant-numeric: normal; font-variant-east-asian: normal; font-stretch: normal; font-size: 7pt; line-height: normal; font-family: 'Times New Roman';\">\u00a0\u00a0\u00a0\u00a0 <\/span><\/span><!--[endif]--><\/b><span style=\"mso-bidi-font-size: 12.0pt; line-height: 107%;\"><b>La recherche et l\u2019innovation<\/b><\/span><\/p><p class=\"MsoNormal\" style=\"text-align: justify;\"><span style=\"mso-bidi-font-size: 12.0pt; line-height: 107%;\">Apr\u00e8s la seconde guerre mondiale, la technologie a avanc\u00e9 de mani\u00e8re fulgurante et a profit\u00e9 au secteur de la construction en termes de cr\u00e9ativit\u00e9. On n\u2019ose pas imaginer une \u0153uvre contemporaine, sans d\u00e9passement, sans innovation. Pourquoi le mus\u00e9e Guggenheim de Bilbao r\u00e9alis\u00e9 par Frank Gehry fascine-t-il si tant\u00a0? Des formes jamais os\u00e9es, des mat\u00e9riaux jamais utilis\u00e9s auparavant\u2026 Pour (de Bure, 2015), une architecture contemporaine, \u00e0 l\u2019image de l\u2019art ou encore de la musique, se doit de se r\u00e9inventer sans cesse. Les chants d\u2019innovation sont vastes et peuvent englober les mat\u00e9riaux de construction, les technologies utilis\u00e9es, les enjeux environnementaux\u2026<\/span><\/p><p class=\"MsoNormal\" style=\"text-align: justify;\"><span style=\"mso-bidi-font-size: 12.0pt; line-height: 107%;\">\u00a0<\/span><\/p><p class=\"MsoListParagraph\" style=\"text-align: justify; text-indent: -18.0pt; mso-list: l0 level1 lfo1;\"><b><span style=\"mso-bidi-font-size: 12.0pt; line-height: 107%; mso-fareast-font-family: 'Times New Roman'; mso-bidi-font-family: 'Times New Roman';\">4.<span style=\"font-variant-numeric: normal; font-variant-east-asian: normal; font-stretch: normal; font-size: 7pt; line-height: normal; font-family: 'Times New Roman';\">\u00a0\u00a0\u00a0\u00a0 <\/span><\/span><!--[endif]--><span style=\"mso-bidi-font-size: 12.0pt; line-height: 107%;\">La symbolique<\/span><\/b><\/p><p class=\"MsoNormal\" style=\"text-align: justify;\"><span style=\"mso-bidi-font-size: 12.0pt; line-height: 107%;\">Avez-vous remarqu\u00e9 que les architectes adorent parler des id\u00e9es qui ont inspir\u00e9 les formes de leurs b\u00e2timents, des probl\u00e8mes qu\u2019ils ont voulu r\u00e9soudre en adoptant tel ou tel principe constructif, du message ou de l\u2019ambiance qu\u2019ils ont voulu cr\u00e9er en utilisant tel mat\u00e9riau et pas tel autre. Anne Lacaton et Jean-Phillipe Vassal, prix pritzker 2021 sont un bel exemple. En cr\u00e9ant des espaces modestes, inond\u00e9s de lumi\u00e8re et ouverts sur l\u2019ext\u00e9rieur, les usagers ont la sensation d\u2019\u00eatre en harmonie avec la nature et de vivre dans un environnement bien plus vaste que leur cadre physique r\u00e9el. Les id\u00e9es et la philosophie qui sous-tendent un projet sont aussi importants que le projet lui-m\u00eame. Ce qui est int\u00e9ressant dans cet exemple,\u00a0 c\u2019est la simplicit\u00e9 des moyens mis en \u0153uvre. Cela nous conduit donc au dernier crit\u00e8re.<\/span><\/p><p class=\"MsoNormal\" style=\"text-align: justify;\"><span style=\"mso-bidi-font-size: 12.0pt; line-height: 107%;\">\u00a0<\/span><\/p><p class=\"MsoListParagraph\" style=\"text-align: justify; text-indent: -18.0pt; mso-list: l0 level1 lfo1;\"><b><span style=\"mso-bidi-font-size: 12.0pt; line-height: 107%; mso-fareast-font-family: 'Times New Roman'; mso-bidi-font-family: 'Times New Roman';\">5.<span style=\"font-variant-numeric: normal; font-variant-east-asian: normal; font-stretch: normal; font-size: 7pt; line-height: normal; font-family: 'Times New Roman';\">\u00a0\u00a0\u00a0\u00a0 <\/span><\/span><!--[endif]--><span style=\"mso-bidi-font-size: 12.0pt; line-height: 107%;\">La sobri\u00e9t\u00e9<\/span><\/b><\/p><p class=\"MsoNormal\" style=\"text-align: justify;\"><span style=\"mso-bidi-font-size: 12.0pt; line-height: 107%;\">Tenir compte des enjeux environnementaux est devenu quasi incontournable apr\u00e8s la crise p\u00e9troli\u00e8re des ann\u00e9es 70. L\u2019architecture aujourd\u2019hui tente de r\u00e9duire au minimum les d\u00e9penses \u00e9nerg\u00e9tiques afin de pr\u00e9server les ressources naturelles. Mais la sobri\u00e9t\u00e9 n\u2019est pas qu\u2019\u00e9nerg\u00e9tique ou \u00e9conomique, elle est aussi visuelle. Pour <\/span><!-- [if supportFields]><span style='mso-bidi-font-size:12.0pt;line-height:107%;mso-bidi-font-family:\"Times New Roman\"'><span style='mso-element:field-begin'><\/span><span style='mso-spacerun:yes'>\u00a0<\/span>ADDIN ZOTERO_ITEM CSL_CITATION<br \/>{\"citationID\":\"MaVJWoD5\",\"properties\":{\"formattedCitation\":\"(Scoffier,<br \/>2011)\",\"plainCitation\":\"(Scoffier, 2011)\",\"noteIndex\":0},\"citationItems\":[{\"id\":209,\"uris\":[\"http:\/\/zotero.org\/users\/local\/gHYInFDU\/items\/6VB2K2XV\"],\"uri\":[\"http:\/\/zotero.org\/users\/local\/gHYInFDU\/items\/6VB2K2XV\"],\"itemData\":{\"id\":209,\"type\":\"book\",\"abstract\":\"Richard<br \/>Scoffier donne des cl\u00e9s pour comprendre l'architecture d'aujourd'hui. Il met en<br \/>parall\u00e8le des \u00e9difices embl\u00e9matiques de l'architecture contemporaine avec<br \/>quatre types de transformations majeures qui r\u00e9volutionnent notre<br \/>environnement.<span style='mso-spacerun:yes'>\u00a0 <\/span>Les objets qui, du<br \/>t\u00e9l\u00e9phone portable \u00e0 l'ordinateur, et aux appareils \u00e9lectrom\u00e9nagers,<br \/>envahissent l'espace et refusent d'\u00eatre consid\u00e9r\u00e9s comme de simples instruments<br \/>pour mieux renverser la relation de subordination qui les lie \u00e0 leurs<br \/>utilisateurs.<span style='mso-spacerun:yes'>\u00a0 <\/span>Les \u00e9crans et les affiches<br \/>qui s'immiscent dans la ville traditionnelle et tendent \u00e0 l'aplatir aux deux<br \/>dimensions d'une surface. Les milieux et les non-lieux qui germent en tous les<br \/>points de la plan\u00e8te et contaminent des sites pens\u00e9s de g\u00e9n\u00e9ration en<br \/>g\u00e9n\u00e9ration comme l'expression d'une identit\u00e9 et d'une culture sp\u00e9cifique, pour<br \/>mieux les niveler et les uniformiser.<span style='mso-spacerun:yes'><br \/><\/span>Les \u00e9v\u00e9nements qui, scand\u00e9s par les journaux, la radio et la t\u00e9l\u00e9vision,<br \/>imposent une nouvelle forme de temporalit\u00e9 soumise \u00e0 la loi de l'instant se<br \/>substituant au temps fond\u00e9 sur la succession du pass\u00e9, du pr\u00e9sent et du futur.<br \/>Ces quatre types de transformations ne doivent pas \u00eatre rejet\u00e9s au non d'une<br \/>morale ou de valeurs transcendantes, ils sont la morale implicite et les<br \/>valeurs immanentes de notre monde. De l'objet sp\u00e9cifique de Donald Judd \u00e0<br \/>l'objet singulier de Jean Nouvel ; d'Instant City d'Archigram aux hangars<br \/>d\u00e9cor\u00e9s de Robert Venturi ; des d\u00f4mes g\u00e9od\u00e9siques de Richard Buckminster Fuller<br \/>aux serres habitables d'Anne Lacaton et de Jean-Philippe Vassal ; des<br \/>accumulations programmatiques de Rem Koolhaas aux g\u00e9n\u00e9rateurs d'\u00e9v\u00e9nements<br \/>invoqu\u00e9s par Bernard Tschumi, l'auteur explique comment certaines d\u00e9marches<br \/>architecturales ont commenc\u00e9, consciemment ou inconsciemment, \u00e0 collaborer avec<br \/>ces nouvelles puissances qui mod\u00e8lent, pour le meilleur et pour le pire, notre<br \/>contemporan\u00e9it\u00e9.<span style='mso-spacerun:yes'>\u00a0 <\/span>Richard Scoffier<br \/>enseigne le projet et la th\u00e9orie \u00e0 l'\u00c9cole nationale sup\u00e9rieure d'architecture<br \/>de Versailles, dont il est aussi membre du laboratoire de recherche, le L\u00e9aV.<br \/>Laur\u00e9at des Albums de la jeune architecture en 1991, il a notamment r\u00e9alis\u00e9 le<br \/>centre musical d'\u00c9touvie \u00e0 Amiens. Il collabore depuis 2006 \u00e0 la revue d'A et a<br \/>publi\u00e9 de nombreux ouvrages, notamment Les Villes de la puissance aux \u00c9ditions<br \/>Jean-Michel Place et Fr\u00e9d\u00e9ric Borel aux \u00c9ditions Norma.\",\"edition\":\"1\",\"event-place\":\"Paris\",\"ISBN\":\"978-2-915542-41-7\",\"language\":\"Fran\u00e7ais\",\"number-of-pages\":\"115<br \/>p\",\"publisher\":\"Editions<br \/>Norma\",\"publisher-place\":\"Paris\",\"source\":\"Amazon\",\"title\":\"Les<br \/>quatre concepts fondamentaux de l'architecture<br \/>contemporaine\",\"author\":[{\"family\":\"Scoffier\",\"given\":\"Richard\"}],\"issued\":{\"date-parts\":[[\"2011\",5,17]]}}}],\"schema\":\"https:\/\/github.com\/citation-style-language\/schema\/raw\/master\/csl-citation.json\"}<br \/><span style='mso-element:field-separator'><\/span><\/span><![endif]--><span style=\"mso-bidi-font-size: 12.0pt; line-height: 107%; mso-bidi-font-family: 'Times New Roman';\">(Scoffier, 2011)<\/span><!-- [if supportFields]><span style='mso-bidi-font-size:12.0pt; line-height:107%;mso-bidi-font-family:\"Times New Roman\"'><span style='mso-element:field-end'><\/span><\/span><![endif]--><span style=\"mso-bidi-font-size: 12.0pt; line-height: 107%; mso-bidi-font-family: 'Times New Roman';\"> l\u2019architecture contemporaine est semblable au corps lisse contemporain dont la peau s\u2019efface sous des signes allog\u00e8nes, contrairement au corps athl\u00e9tique, structur\u00e9 du sportif encens\u00e9 par les modernistes. Une architecture sobre, minimaliste est quasi syst\u00e9matiquement d\u00e9crite comme \u00e9tant d\u2019actualit\u00e9\u00a0: un b\u00e2timent qui se fond dans son environnement sans d\u00e9naturer le paysage, dont l\u2019agencement des formes, des mat\u00e9riaux et des couleurs ne cr\u00e9e pas de tensions visuelles d\u00e9sagr\u00e9ables significatives.<\/span><\/p><p class=\"MsoNormal\" style=\"text-align: justify;\"><span style=\"mso-bidi-font-size: 12.0pt; line-height: 107%; mso-bidi-font-family: 'Times New Roman';\">\u00a0<\/span><\/p><p class=\"MsoNormal\" style=\"text-align: justify;\"><span style=\"mso-bidi-font-size: 12.0pt; line-height: 107%; mso-bidi-font-family: 'Times New Roman';\">En conclusion, l\u2019architecture contemporaine est reconnaissable suivant plusieurs crit\u00e8res. Si certains peuvent \u00eatre subjectifs comme l\u2019esth\u00e9tique, d\u2019autres s\u2019imposent au monde de la construction aujourd\u2019hui, comme la recherche et l\u2019innovation. Il est important quel que soit son go\u00fbt ou sa sensibilit\u00e9, de garder en t\u00eate ces cinq crit\u00e8res &#8211; p\u00e9riode de construction, esth\u00e9tique, recherche et innovation, symbolique, sobri\u00e9t\u00e9 &#8211; pour avoir une base d\u2019appr\u00e9ciation d\u2019une architecture contemporaine.<\/span><\/p>\t\t\t\t\t\t\t\t<\/div>\n\t\t\t\t<\/div>\n\t\t\t\t\t<\/div>\n\t\t<\/div>\n\t\t\t\t\t<\/div>\n\t\t<\/section>\n\t\t\t\t<section class=\"elementor-section elementor-top-section elementor-element elementor-element-ee9a805 elementor-section-boxed elementor-section-height-default elementor-section-height-default\" data-id=\"ee9a805\" data-element_type=\"section\">\n\t\t\t\t\t\t<div class=\"elementor-container elementor-column-gap-default\">\n\t\t\t\t\t<div class=\"elementor-column elementor-col-100 elementor-top-column elementor-element elementor-element-b3cfdc8\" data-id=\"b3cfdc8\" data-element_type=\"column\">\n\t\t\t<div class=\"elementor-widget-wrap elementor-element-populated\">\n\t\t\t\t\t\t<div class=\"elementor-element elementor-element-ed65cb6 elementor-widget-divider--view-line elementor-widget elementor-widget-divider\" data-id=\"ed65cb6\" data-element_type=\"widget\" data-widget_type=\"divider.default\">\n\t\t\t\t<div class=\"elementor-widget-container\">\n\t\t\t\t\t\t\t<div class=\"elementor-divider\">\n\t\t\t<span class=\"elementor-divider-separator\">\n\t\t\t\t\t\t<\/span>\n\t\t<\/div>\n\t\t\t\t\t\t<\/div>\n\t\t\t\t<\/div>\n\t\t\t\t\t<\/div>\n\t\t<\/div>\n\t\t\t\t\t<\/div>\n\t\t<\/section>\n\t\t\t\t<section class=\"elementor-section elementor-top-section elementor-element elementor-element-bc34fe0 elementor-section-boxed elementor-section-height-default elementor-section-height-default\" data-id=\"bc34fe0\" data-element_type=\"section\">\n\t\t\t\t\t\t<div class=\"elementor-container elementor-column-gap-default\">\n\t\t\t\t\t<div class=\"elementor-column elementor-col-100 elementor-top-column elementor-element elementor-element-8a6f256\" data-id=\"8a6f256\" data-element_type=\"column\">\n\t\t\t<div class=\"elementor-widget-wrap elementor-element-populated\">\n\t\t\t\t\t\t<div class=\"elementor-element elementor-element-6b8c66b animated-slow elementor-invisible elementor-widget elementor-widget-text-editor\" data-id=\"6b8c66b\" data-element_type=\"widget\" data-settings=\"{&quot;_animation&quot;:&quot;fadeIn&quot;}\" data-widget_type=\"text-editor.default\">\n\t\t\t\t<div class=\"elementor-widget-container\">\n\t\t\t\t\t\t\t\t\t<p style=\"text-align: justify;\"><span style=\"mso-bidi-font-size: 12.0pt; line-height: 107%; mso-bidi-font-family: 'Times New Roman';\">R\u00e9f\u00e9rences<\/span><\/p><p style=\"text-align: justify; line-height: 150%;\"><span style=\"mso-bidi-font-size: 12.0pt; line-height: 150%; mso-bidi-font-family: 'Times New Roman';\">de Bure, G. (2015). <i>Architecture contemporaine\u202f: Le guide<\/i>. Flammarion. 224 p.<\/span><\/p><p style=\"text-align: justify; line-height: 150%;\"><span style=\"mso-bidi-font-size: 12.0pt; line-height: 150%; mso-bidi-font-family: 'Times New Roman';\">Scoffier, R. (2011). <i>Les quatre concepts fondamentaux de l\u2019architecture contemporaine<\/i> (1<sup>re<\/sup> \u00e9d.). Editions Norma. 115 p.<\/span><\/p><p style=\"text-align: justify; line-height: 150%;\"><span style=\"mso-bidi-font-size: 12.0pt; line-height: 150%; mso-bidi-font-family: 'Times New Roman';\">\u00a0<\/span><\/p><p style=\"text-align: justify; line-height: 150%;\"><span style=\"mso-bidi-font-size: 12.0pt; line-height: 150%; mso-bidi-font-family: 'Times New Roman';\">Images<\/span><\/p><p style=\"text-align: justify; line-height: 150%;\"><span style=\"mso-bidi-font-size: 12.0pt; line-height: 150%; mso-bidi-font-family: 'Times New Roman';\"><span style=\"font-size: 16px; text-align: center;\">A\u00e9roport St Exup\u00e9ry Calatrava &#8211; Image par\u00a0<\/span><a style=\"background-color: #d1e4dd; max-width: var(--global--spacing-measure); font-size: 16px; text-align: center;\" href=\"https:\/\/pixabay.com\/fr\/users\/marcinczerniawski-10238284\/?utm_source=link-attribution&amp;utm_medium=referral&amp;utm_campaign=image&amp;utm_content=5109185\">MARCIN CZERNIAWSKI<\/a><span style=\"font-size: 16px; text-align: center;\">\u00a0de\u00a0<\/span><a style=\"background-color: #d1e4dd; max-width: var(--global--spacing-measure); font-size: 16px; text-align: center;\" href=\"https:\/\/pixabay.com\/fr\/?utm_source=link-attribution&amp;utm_medium=referral&amp;utm_campaign=image&amp;utm_content=5109185\">Pixabay<\/a><br \/><\/span><\/p><p style=\"text-align: justify; line-height: 150%;\"><span style=\"mso-bidi-font-size: 12.0pt; line-height: 150%; mso-bidi-font-family: 'Times New Roman';\"><span style=\"margin: 0px; color: #191b26; font-family: 'Open Sans', sans-serif; font-size: medium; text-align: center; white-space: nowrap;\">Mus\u00e9e Guggenheim Bilbao &#8211; Image par\u00a0<a style=\"margin: 0px; color: #191b26; text-decoration-line: underline; outline: none !important;\" href=\"https:\/\/pixabay.com\/fr\/users\/rperucho-7689351\/?utm_source=link-attribution&amp;utm_medium=referral&amp;utm_campaign=image&amp;utm_content=3446935\">Ramon Perucho<\/a>\u00a0de\u00a0<a style=\"margin: 0px; color: #191b26; text-decoration-line: underline; outline: none !important;\" href=\"https:\/\/pixabay.com\/fr\/?utm_source=link-attribution&amp;utm_medium=referral&amp;utm_campaign=image&amp;utm_content=3446935\">Pixabay<\/a><\/span><br \/><\/span><\/p><p style=\"text-align: justify; line-height: 150%;\"><span style=\"mso-bidi-font-size: 12.0pt; line-height: 150%; mso-bidi-font-family: 'Times New Roman';\">Lyc\u00e9e de Dano au Burkina Faso &#8211;\u00a0GandoIT, CC BY-SA 3.0 &lt;https:\/\/creativecommons.org\/licenses\/by-sa\/3.0&gt;, via Wikimedia Commons<br \/><\/span><\/p>\t\t\t\t\t\t\t\t<\/div>\n\t\t\t\t<\/div>\n\t\t\t\t\t<\/div>\n\t\t<\/div>\n\t\t\t\t\t<\/div>\n\t\t<\/section>\n\t\t\t\t<\/div>\n\t\t","protected":false},"excerpt":{"rendered":"<p>Le terme d\u2019architecture contemporaine est aujourd\u2019hui tr\u00e8s \u00e0 la mode pour d\u00e9signer une construction que l\u2019on aime bien, qui nous fait vibrer d\u2019une certaine mani\u00e8re &hellip; <\/p>\n","protected":false},"author":1,"featured_media":133,"comment_status":"open","ping_status":"open","sticky":false,"template":"","format":"standard","meta":{"footnotes":""},"categories":[6],"tags":[],"class_list":["post-111","post","type-post","status-publish","format-standard","has-post-thumbnail","hentry","category-architecture"],"_links":{"self":[{"href":"https:\/\/www.cafearchi.fr\/index.php?rest_route=\/wp\/v2\/posts\/111","targetHints":{"allow":["GET"]}}],"collection":[{"href":"https:\/\/www.cafearchi.fr\/index.php?rest_route=\/wp\/v2\/posts"}],"about":[{"href":"https:\/\/www.cafearchi.fr\/index.php?rest_route=\/wp\/v2\/types\/post"}],"author":[{"embeddable":true,"href":"https:\/\/www.cafearchi.fr\/index.php?rest_route=\/wp\/v2\/users\/1"}],"replies":[{"embeddable":true,"href":"https:\/\/www.cafearchi.fr\/index.php?rest_route=%2Fwp%2Fv2%2Fcomments&post=111"}],"version-history":[{"count":43,"href":"https:\/\/www.cafearchi.fr\/index.php?rest_route=\/wp\/v2\/posts\/111\/revisions"}],"predecessor-version":[{"id":505,"href":"https:\/\/www.cafearchi.fr\/index.php?rest_route=\/wp\/v2\/posts\/111\/revisions\/505"}],"wp:featuredmedia":[{"embeddable":true,"href":"https:\/\/www.cafearchi.fr\/index.php?rest_route=\/wp\/v2\/media\/133"}],"wp:attachment":[{"href":"https:\/\/www.cafearchi.fr\/index.php?rest_route=%2Fwp%2Fv2%2Fmedia&parent=111"}],"wp:term":[{"taxonomy":"category","embeddable":true,"href":"https:\/\/www.cafearchi.fr\/index.php?rest_route=%2Fwp%2Fv2%2Fcategories&post=111"},{"taxonomy":"post_tag","embeddable":true,"href":"https:\/\/www.cafearchi.fr\/index.php?rest_route=%2Fwp%2Fv2%2Ftags&post=111"}],"curies":[{"name":"wp","href":"https:\/\/api.w.org\/{rel}","templated":true}]}}